{"id":937,"date":"2018-02-20T18:17:40","date_gmt":"2018-02-20T17:17:40","guid":{"rendered":"http:\/\/www.wg-west.de\/?p=937"},"modified":"2018-02-20T18:17:40","modified_gmt":"2018-02-20T17:17:40","slug":"das-wg-west-besucht-das-stuttgarter-ballett","status":"publish","type":"post","link":"https:\/\/www.wg-west.de\/de_ls\/2018\/02\/20\/das-wg-west-besucht-das-stuttgarter-ballett\/","title":{"rendered":"Das WG West besucht das Stuttgarter Ballett"},"content":{"rendered":"<p>Auch in diesem Schuljahr hat das WG West wieder Karten f\u00fcr die Schulvorstellung des\u00a0<b>Stuttgarter Balletts<\/b>. In diesem Schuljahr wird das St\u00fcck\u00a0<b>La fille mal gard\u00e9e<\/b>\u00a0(das schlecht beh\u00fctete M\u00e4dchen) aufgef\u00fchrt. Die Vorstellung findet am\u00a0<b>8. M\u00e4rz 2018 um 18.00 Uhr<\/b>\u00a0im Staatstheater Stuttgart statt.<\/p>","protected":false},"excerpt":{"rendered":"<p>Auch in diesem Schuljahr hat das WG West wieder Karten f\u00fcr die Schulvorstellung des\u00a0Stuttgarter Balletts. In diesem Schuljahr wird das St\u00fcck\u00a0La fille mal gard\u00e9e\u00a0(das schlecht beh\u00fctete M\u00e4dchen) aufgef\u00fchrt. Die Vorstellung&#8230;<\/p>","protected":false},"author":1,"featured_media":0,"comment_status":"closed","ping_status":"closed","sticky":false,"template":"","format":"standard","meta":{"footnotes":""},"categories":[1],"tags":[],"class_list":{"0":"post-937","1":"post","2":"type-post","3":"status-publish","4":"format-standard","6":"category-allgemein"},"_links":{"self":[{"href":"https:\/\/www.wg-west.de\/de_ls\/wp-json\/wp\/v2\/posts\/937","targetHints":{"allow":["GET"]}}],"collection":[{"href":"https:\/\/www.wg-west.de\/de_ls\/wp-json\/wp\/v2\/posts"}],"about":[{"href":"https:\/\/www.wg-west.de\/de_ls\/wp-json\/wp\/v2\/types\/post"}],"author":[{"embeddable":true,"href":"https:\/\/www.wg-west.de\/de_ls\/wp-json\/wp\/v2\/users\/1"}],"replies":[{"embeddable":true,"href":"https:\/\/www.wg-west.de\/de_ls\/wp-json\/wp\/v2\/comments?post=937"}],"version-history":[{"count":1,"href":"https:\/\/www.wg-west.de\/de_ls\/wp-json\/wp\/v2\/posts\/937\/revisions"}],"predecessor-version":[{"id":938,"href":"https:\/\/www.wg-west.de\/de_ls\/wp-json\/wp\/v2\/posts\/937\/revisions\/938"}],"wp:attachment":[{"href":"https:\/\/www.wg-west.de\/de_ls\/wp-json\/wp\/v2\/media?parent=937"}],"wp:term":[{"taxonomy":"category","embeddable":true,"href":"https:\/\/www.wg-west.de\/de_ls\/wp-json\/wp\/v2\/categories?post=937"},{"taxonomy":"post_tag","embeddable":true,"href":"https:\/\/www.wg-west.de\/de_ls\/wp-json\/wp\/v2\/tags?post=937"}],"curies":[{"name":"wp","href":"https:\/\/api.w.org\/{rel}","templated":true}]}}