{"id":886,"date":"2018-01-02T10:55:56","date_gmt":"2018-01-02T09:55:56","guid":{"rendered":"http:\/\/www.wg-west.de\/?p=886"},"modified":"2018-01-02T13:00:04","modified_gmt":"2018-01-02T12:00:04","slug":"informationen-zur-anmeldung-im-online-verfahren","status":"publish","type":"post","link":"https:\/\/www.wg-west.de\/de_ls\/2018\/01\/02\/informationen-zur-anmeldung-im-online-verfahren\/","title":{"rendered":"Informationen zur Anmeldung im Online-Verfahren"},"content":{"rendered":"<p>f\u00fcr BKI, BKII und WG<\/p>\n<p>im Internet unter www.schule-in-bw.de\/bewo<\/p>\n<p>oder sie klicken auf das pdf: <a href=\"http:\/\/www.wg-west.de\/cms\/wp-content\/uploads\/2018\/01\/BewO-Info.pdf\">BewO Info<\/a><!--more--><\/p>\n<table style=\"height: 3934px;\" width=\"653\">\n<tbody>\n<tr>\n<td width=\"99\">Datum<\/td>\n<td width=\"361\">Was passiert an diesem Termin?<\/p>\n<p>&nbsp;<\/td>\n<\/tr>\n<tr>\n<td width=\"99\">Di. 21. Nov. 2017 &#8211;<\/p>\n<p>Fr. 22. Dez. 2017<\/p>\n<p>&nbsp;<\/td>\n<td width=\"361\">Die <strong>Anmeldung<\/strong> im Online-Verfahren <strong>kann<\/strong> auf BewO <strong>getestet werden.<\/strong><\/td>\n<\/tr>\n<tr>\n<td width=\"99\">Mo. 22. Jan. 2018 &#8211; \u00a0 Do. 1. M\u00e4rz 2018<\/td>\n<td width=\"361\"><strong>Anmeldezeitraum<\/strong><\/p>\n<ul>\n<li>Registrieren Sie sich auf der BewO-Internetseite. Geben Sie dazu eine g\u00fcltige E-Mail-Adresse mit einem sicheren Passwort an.<\/li>\n<li>W\u00e4hlen Sie Ihre Bewerbungsziele aus und sortieren Sie die Bewerbungsziele nach Priorit\u00e4ten<\/li>\n<li>Drucken Sie den ausgef\u00fcllten endg\u00fcltigen Aufnahmeantrag aus und unterschreiben diesen. Minderj\u00e4hrige Sch\u00fcler brauchen die Unterschrift eines Erziehungsberechtigten.<\/li>\n<li>Den endg\u00fcltigen ausgedruckten <strong>Aufnahmeantrag<\/strong> m\u00fcssen Sie mit der <strong>beglaubigten Kopie des Halbjahreszeugnisses <\/strong>und einem <strong>aktuellen Lebenslauf<\/strong> bis sp\u00e4testens 1.\u00a0M\u00e4rz\u00a02018 an der Schule der 1.\u00a0Priorit\u00e4t abgeben.<br \/>\nWenn Sie sich mit einem Versetzungs- oder Abschlusszeugnis bewerben, das aus fr\u00fcheren Jahren stammt, m\u00fcssen Sie Nachweise \u00fcber Ihre T\u00e4tigkeit nach Abgang von der Schule vorlegen.<\/li>\n<li>Wenn das WG West Ihre erste Priorit\u00e4t ist, kommen Sie dazu bitte bis sp\u00e4testens 1.\u00a0M\u00e4rz in das Sekretariat im ersten Stock, Raum 214.<\/li>\n<\/ul>\n<\/td>\n<\/tr>\n<tr>\n<td width=\"99\"><\/td>\n<td width=\"361\">Ab jetzt k\u00f6nnen <strong>\u00c4nderungen<\/strong> (z. B die Priorit\u00e4t oder das Hinzuf\u00fcgen einer weiteren Schule) nur noch pers\u00f6nlich an die f\u00fcr Sie zust\u00e4ndige Schule durchgef\u00fchrt werden. Sollten Sie noch minderj\u00e4hrig sein, m\u00fcssen Ihre Eltern mitkommen.<\/td>\n<\/tr>\n<tr>\n<td width=\"99\">ab 2. M\u00e4rz 2018<\/td>\n<td width=\"361\">Die BewO-<strong>Anmeldeplattform<\/strong> ist <strong>gesperrt<\/strong>!<\/td>\n<\/tr>\n<tr>\n<td width=\"99\">bis 25. M\u00e4rz 2018<\/td>\n<td width=\"361\"><strong>Sie erhalten<\/strong> mit der <strong>Post<\/strong> eine schriftliche Benachrichtigung \u00fcber den Stand Ihrer Bewerbung (vorl\u00e4ufige Zusage, Warteliste oder vorl\u00e4ufige Absage)<\/p>\n<p>Sollten Sie von uns diese Benachrichtigung bekommen, ist das WG West die f\u00fcr Sie zust\u00e4ndige Schule.<\/p>\n<p>Im endg\u00fcltigen Verfahren k\u00f6nnen Sie nur ber\u00fccksichtigt werden, wenn Sie Ihr Zeugnis fristgerecht bei uns abgeben.<\/td>\n<\/tr>\n<tr>\n<td width=\"99\">Ab 9. April 2018<\/td>\n<td width=\"361\">Die <strong>Anmeldeplattform<\/strong> wird nochmals f\u00fcr <strong>versp\u00e4tete Bewerbungen<\/strong> <strong>freigeschaltet<\/strong> &#8211; allerdings nur f\u00fcr die Warteliste.<\/td>\n<\/tr>\n<tr>\n<td width=\"99\">bis 17. Juli 2018<\/td>\n<td width=\"361\"><strong>Sp\u00e4teste Abgabe<\/strong> (pers\u00f6nlich oder per Post) einer beglaubigten Kopie des <strong>Abschluss- oder Jahreszeugnisses<\/strong> an der zust\u00e4ndigen Schule.<\/p>\n<p>Sch\u00fcler eines Gymnasiums d\u00fcrfen einen vorl\u00e4ufigen Notenauszug bis sp\u00e4testens Mi. 18. Juli 2018, 12:00 Uhr abgeben.<\/td>\n<\/tr>\n<tr>\n<td width=\"99\">21. Juli 2018<\/td>\n<td width=\"361\">Die f\u00fcr Sie zust\u00e4ndige Schule wird online auf der Homepage www.schule-in-bw.de angezeigt.<\/td>\n<\/tr>\n<tr>\n<td width=\"99\">23. Juli 2018<\/p>\n<p>ab 14:00 Uhr<\/td>\n<td width=\"361\">Sie k\u00f6nnen mit dem genannten Download eine <strong>Benachrichtigung<\/strong> <strong>\u00fcber<\/strong> Ihren endg\u00fcltigen <strong>Schulplatz<\/strong> auf der Internetseite <a href=\"http:\/\/www.schule-in-bw.de\">www.schule-in-bw.de<\/a> <strong>herunterladen<\/strong>.<\/td>\n<\/tr>\n<tr>\n<td width=\"99\">24. Juli 2018<\/p>\n<p>&nbsp;<\/p>\n<p>&nbsp;<\/p>\n<p>09:30 Uhr WG<\/p>\n<p>10:30 Uhr BKII 11:30 Uhr BKI<\/p>\n<p>&nbsp;<\/td>\n<td width=\"361\"><strong>Zentraler Aufnahmetag<\/strong><\/p>\n<p>Sollten Sie von unserer Schule eine Zusage erhalten haben, m\u00fcssen Sie an diesem Tag grunds\u00e4tzlich <strong>pers\u00f6nlich zum Aufnahmetermin<\/strong> an unserer Schule <strong>erscheinen<\/strong>. Nur im Ausnahmefall k\u00f6nnen Sie einen Vertreter schicken.<\/p>\n<p>Wir gehen davon aus, dass alle Bewerber, die nicht erscheinen, kein Interesse mehr an diesem Schulplatz haben und vergeben diesen dann an Nachr\u00fccker. \u00c4nderungen k\u00f6nnen wir sp\u00e4ter nicht mehr vornehmen.<\/p>\n<p>Sollten Sie einen Platz auf unserer Nachr\u00fcckerliste haben, werden wir Sie an diesem Nachmittag anrufen, falls noch Pl\u00e4tze frei sind. Sie sollten deshalb an diesem Nachmittag unbedingt unter der von Ihnen angegebenen Telefonnummer pers\u00f6nlich erreichbar sein.<\/td>\n<\/tr>\n<tr>\n<td width=\"99\">25. Juli 2018<\/td>\n<td width=\"361\"><strong>Aufnahmetag f\u00fcr Nachr\u00fccker<\/strong><\/p>\n<p>Wenn wir Sie am 24. Juli 2018 nachmittags angerufen und Sie einen Schulplatz an unserer Schule erhalten haben, m\u00fcssen Sie <strong>pers\u00f6nlich zu unserem Aufnahmetermin erscheinen <\/strong>am Mittwoch, 25.07.2018 um 10:00 Uhr in unser Sekretariat im 2. Stock. Nur in Ausnahmef\u00e4lle sollten Sie einen Vertreter schicken.<\/td>\n<\/tr>\n<tr>\n<td width=\"99\">Ab 26. Juli 2018<\/td>\n<td width=\"361\">Jetzt k\u00f6nnen Sie beruhigt in den Urlaub fahren. Wir sehen uns am Montag, 10.\u00a0September 2018 zum Unterrichtsbeginn im neuen Schuljahr.<\/p>\n<p><strong>Sch\u00f6ne Ferien und gute Erholung!\u00a0<\/strong><\/td>\n<\/tr>\n<\/tbody>\n<\/table>\n<p>&nbsp;<\/p>","protected":false},"excerpt":{"rendered":"<p>f\u00fcr BKI, BKII und WG im Internet unter www.schule-in-bw.de\/bewo oder sie klicken auf das pdf: BewO Info<\/p>","protected":false},"author":1,"featured_media":0,"comment_status":"closed","ping_status":"closed","sticky":false,"template":"","format":"standard","meta":{"footnotes":""},"categories":[1],"tags":[27,72,82,84,63,115,83],"class_list":{"0":"post-886","1":"post","2":"type-post","3":"status-publish","4":"format-standard","6":"category-allgemein","7":"tag-anmeldung","8":"tag-berufskolleg","9":"tag-bewo","10":"tag-bk1","11":"tag-bk2","12":"tag-online-verfahren","13":"tag-wirtschaftsgymnasium"},"_links":{"self":[{"href":"https:\/\/www.wg-west.de\/de_ls\/wp-json\/wp\/v2\/posts\/886","targetHints":{"allow":["GET"]}}],"collection":[{"href":"https:\/\/www.wg-west.de\/de_ls\/wp-json\/wp\/v2\/posts"}],"about":[{"href":"https:\/\/www.wg-west.de\/de_ls\/wp-json\/wp\/v2\/types\/post"}],"author":[{"embeddable":true,"href":"https:\/\/www.wg-west.de\/de_ls\/wp-json\/wp\/v2\/users\/1"}],"replies":[{"embeddable":true,"href":"https:\/\/www.wg-west.de\/de_ls\/wp-json\/wp\/v2\/comments?post=886"}],"version-history":[{"count":4,"href":"https:\/\/www.wg-west.de\/de_ls\/wp-json\/wp\/v2\/posts\/886\/revisions"}],"predecessor-version":[{"id":898,"href":"https:\/\/www.wg-west.de\/de_ls\/wp-json\/wp\/v2\/posts\/886\/revisions\/898"}],"wp:attachment":[{"href":"https:\/\/www.wg-west.de\/de_ls\/wp-json\/wp\/v2\/media?parent=886"}],"wp:term":[{"taxonomy":"category","embeddable":true,"href":"https:\/\/www.wg-west.de\/de_ls\/wp-json\/wp\/v2\/categories?post=886"},{"taxonomy":"post_tag","embeddable":true,"href":"https:\/\/www.wg-west.de\/de_ls\/wp-json\/wp\/v2\/tags?post=886"}],"curies":[{"name":"wp","href":"https:\/\/api.w.org\/{rel}","templated":true}]}}