{"id":869,"date":"2018-01-02T10:06:23","date_gmt":"2018-01-02T09:06:23","guid":{"rendered":"http:\/\/www.wg-west.de\/?p=869"},"modified":"2018-01-02T10:25:26","modified_gmt":"2018-01-02T09:25:26","slug":"besinnliche-stunde-am-letzten-schultag","status":"publish","type":"post","link":"https:\/\/www.wg-west.de\/de_ls\/2018\/01\/02\/besinnliche-stunde-am-letzten-schultag\/","title":{"rendered":"Besinnliche Stunde am letzten Schultag"},"content":{"rendered":"<p>Zum Abschluss dieses Jahres gab es wieder unsere besinnliche Stunde.<br \/>\nDas Thema dieses Jahr: Hoffnung<br \/>\nWir danken allen engagierten und kreativen Sch\u00fclerinnen und Sch\u00fclern sowie Lehrern f\u00fcr den sch\u00f6nen Jahresabschluss!<\/p>\n<p>.<img loading=\"lazy\" decoding=\"async\" class=\"alignnone wp-image-870 size-medium\" src=\"http:\/\/www.wg-west.de\/cms\/wp-content\/uploads\/2018\/01\/Besinnliche-Stunde-e1514883935269-225x300.jpeg\" alt=\"\" width=\"225\" height=\"300\" srcset=\"https:\/\/www.wg-west.de\/cms\/wp-content\/uploads\/2018\/01\/Besinnliche-Stunde-e1514883935269-225x300.jpeg 225w, https:\/\/www.wg-west.de\/cms\/wp-content\/uploads\/2018\/01\/Besinnliche-Stunde-e1514883935269-768x1024.jpeg 768w, https:\/\/www.wg-west.de\/cms\/wp-content\/uploads\/2018\/01\/Besinnliche-Stunde-e1514883935269.jpeg 1512w\" sizes=\"auto, (max-width: 225px) 100vw, 225px\" \/><\/p>","protected":false},"excerpt":{"rendered":"<p>Zum Abschluss dieses Jahres gab es wieder unsere besinnliche Stunde. Das Thema dieses Jahr: Hoffnung Wir danken allen engagierten und kreativen Sch\u00fclerinnen und Sch\u00fclern sowie Lehrern f\u00fcr den sch\u00f6nen Jahresabschluss!&#8230;<\/p>","protected":false},"author":1,"featured_media":0,"comment_status":"closed","ping_status":"closed","sticky":false,"template":"","format":"standard","meta":{"footnotes":""},"categories":[1],"tags":[108,106,109,107],"class_list":{"0":"post-869","1":"post","2":"type-post","3":"status-publish","4":"format-standard","6":"category-allgemein","7":"tag-ausklang","8":"tag-besinnliche-stunde","9":"tag-jahresabschluss","10":"tag-letzter-schultag"},"_links":{"self":[{"href":"https:\/\/www.wg-west.de\/de_ls\/wp-json\/wp\/v2\/posts\/869","targetHints":{"allow":["GET"]}}],"collection":[{"href":"https:\/\/www.wg-west.de\/de_ls\/wp-json\/wp\/v2\/posts"}],"about":[{"href":"https:\/\/www.wg-west.de\/de_ls\/wp-json\/wp\/v2\/types\/post"}],"author":[{"embeddable":true,"href":"https:\/\/www.wg-west.de\/de_ls\/wp-json\/wp\/v2\/users\/1"}],"replies":[{"embeddable":true,"href":"https:\/\/www.wg-west.de\/de_ls\/wp-json\/wp\/v2\/comments?post=869"}],"version-history":[{"count":1,"href":"https:\/\/www.wg-west.de\/de_ls\/wp-json\/wp\/v2\/posts\/869\/revisions"}],"predecessor-version":[{"id":871,"href":"https:\/\/www.wg-west.de\/de_ls\/wp-json\/wp\/v2\/posts\/869\/revisions\/871"}],"wp:attachment":[{"href":"https:\/\/www.wg-west.de\/de_ls\/wp-json\/wp\/v2\/media?parent=869"}],"wp:term":[{"taxonomy":"category","embeddable":true,"href":"https:\/\/www.wg-west.de\/de_ls\/wp-json\/wp\/v2\/categories?post=869"},{"taxonomy":"post_tag","embeddable":true,"href":"https:\/\/www.wg-west.de\/de_ls\/wp-json\/wp\/v2\/tags?post=869"}],"curies":[{"name":"wp","href":"https:\/\/api.w.org\/{rel}","templated":true}]}}