{"id":840,"date":"2017-11-21T16:27:07","date_gmt":"2017-11-21T15:27:07","guid":{"rendered":"http:\/\/www.wg-west.de\/?p=840"},"modified":"2018-01-02T10:23:27","modified_gmt":"2018-01-02T09:23:27","slug":"ankuendigung-tag-der-offenen-tuere-am-18-01-2018-von-1600-bis-1900","status":"publish","type":"post","link":"https:\/\/www.wg-west.de\/de_ls\/2017\/11\/21\/ankuendigung-tag-der-offenen-tuere-am-18-01-2018-von-1600-bis-1900\/","title":{"rendered":"Ank\u00fcndigung: Tag der offenen T\u00fcr am 18.01.2018 von 16:00 bis 19:00"},"content":{"rendered":"<p>Am Donnerstag, 18. Januar 2018 \u00f6ffnen wir von 16 bis 19 Uhr unser Schulhaus in der Roteb\u00fchlstr. 101 wieder f\u00fcr unseren Tag der offenen T\u00fcr!<\/p>\n<p><strong>Um 16 und um 18 Uhr<\/strong> findet jeweils eine Informationsveranstaltung f\u00fcr das <strong>Wirtschafts-Gymnasium<\/strong> und\u00a0um <strong>17 Uhr<\/strong> die Informationsveranstaltung f\u00fcr das <strong>Kaufm\u00e4nnische Berufskolleg I und II <\/strong>in der <strong>Aula<\/strong> statt.<\/p>\n<p>Um <strong>16 Uhr<\/strong> findet eine Informationsveranstaltung der <strong>Zweij\u00e4hrigen Berufsfachschule (Wirtschaftsschule) im Pavillon im Schulhof<\/strong> statt.<\/p>\n<p><!--more--><\/p>\n<p>Dort erhalten Sie alle n\u00f6tigen Informationen, damit Sie sich f\u00fcr die richtige Schulart entscheiden k\u00f6nnen. Da manche Interessenten doch noch weitere Informationen m\u00f6chten, werden wir auch in diesem Jahr wieder f\u00fcr jede Schulart einen Informationsraum einrichten, in dem kompetente Lehrer und Sch\u00fcler alle Ihre Fragen beantworten k\u00f6nnen.<\/p>\n<p>Dar\u00fcber hinaus stellen sich auch die einzelnen F\u00e4cher vor, Sie sehen, was an unserer Schule alles l\u00e4uft, lernen Sch\u00fcler und Lehrer kennen und k\u00f6nnen sich ein Bild von unserem Arbeiten am Wirtschaftsgymnasium West machen.<\/p>\n<p>Wir w\u00fcrden uns freuen, Sie an unserem Tag der offenen T\u00fcr begr\u00fc\u00dfen zu d\u00fcrfen!<\/p>","protected":false},"excerpt":{"rendered":"<p>Am Donnerstag, 18. Januar 2018 \u00f6ffnen wir von 16 bis 19 Uhr unser Schulhaus in der Roteb\u00fchlstr. 101 wieder f\u00fcr unseren Tag der offenen T\u00fcr! Um 16 und um 18&#8230;<\/p>","protected":false},"author":1,"featured_media":0,"comment_status":"closed","ping_status":"closed","sticky":false,"template":"","format":"standard","meta":{"footnotes":""},"categories":[1],"tags":[72,98,100,101,97,83,52,99],"class_list":{"0":"post-840","1":"post","2":"type-post","3":"status-publish","4":"format-standard","6":"category-allgemein","7":"tag-berufskolleg","8":"tag-informationsveranstaltungen","9":"tag-kaufmaennisches-berufskolleg","10":"tag-profil-internationales-wirtschaftsgymnasium","11":"tag-tag-der-offenen-tuer","12":"tag-wirtschaftsgymnasium","13":"tag-wirtschaftsschule","14":"tag-zweijaehrige-berufsfachschule"},"_links":{"self":[{"href":"https:\/\/www.wg-west.de\/de_ls\/wp-json\/wp\/v2\/posts\/840","targetHints":{"allow":["GET"]}}],"collection":[{"href":"https:\/\/www.wg-west.de\/de_ls\/wp-json\/wp\/v2\/posts"}],"about":[{"href":"https:\/\/www.wg-west.de\/de_ls\/wp-json\/wp\/v2\/types\/post"}],"author":[{"embeddable":true,"href":"https:\/\/www.wg-west.de\/de_ls\/wp-json\/wp\/v2\/users\/1"}],"replies":[{"embeddable":true,"href":"https:\/\/www.wg-west.de\/de_ls\/wp-json\/wp\/v2\/comments?post=840"}],"version-history":[{"count":7,"href":"https:\/\/www.wg-west.de\/de_ls\/wp-json\/wp\/v2\/posts\/840\/revisions"}],"predecessor-version":[{"id":874,"href":"https:\/\/www.wg-west.de\/de_ls\/wp-json\/wp\/v2\/posts\/840\/revisions\/874"}],"wp:attachment":[{"href":"https:\/\/www.wg-west.de\/de_ls\/wp-json\/wp\/v2\/media?parent=840"}],"wp:term":[{"taxonomy":"category","embeddable":true,"href":"https:\/\/www.wg-west.de\/de_ls\/wp-json\/wp\/v2\/categories?post=840"},{"taxonomy":"post_tag","embeddable":true,"href":"https:\/\/www.wg-west.de\/de_ls\/wp-json\/wp\/v2\/tags?post=840"}],"curies":[{"name":"wp","href":"https:\/\/api.w.org\/{rel}","templated":true}]}}