{"id":776,"date":"2017-10-11T17:57:38","date_gmt":"2017-10-11T15:57:38","guid":{"rendered":"http:\/\/www.wg-west.de\/?p=776"},"modified":"2017-10-13T13:08:22","modified_gmt":"2017-10-13T11:08:22","slug":"wg-west-nimmt-an-den-franzoesische-filmtage-teil","status":"publish","type":"post","link":"https:\/\/www.wg-west.de\/de_ls\/2017\/10\/11\/wg-west-nimmt-an-den-franzoesische-filmtage-teil\/","title":{"rendered":"WG West nimmt an den franz\u00f6sischen Filmtagen teil"},"content":{"rendered":"<p>Der Franz\u00f6sisch-Kurs A der Jahrgangsstufe 2 wird am 08.11.2017 um 18 Uhr an den franz\u00f6sischen Filmtagen in Stuttgart teilnehmen. Wir werden uns gemeinsam den Film &#8222;Noces&#8220; anschauen, der sich mit den Themen der Integration und Identit\u00e4t besch\u00e4ftigt.<\/p>","protected":false},"excerpt":{"rendered":"<p>Der Franz\u00f6sisch-Kurs A der Jahrgangsstufe 2 wird am 08.11.2017 um 18 Uhr an den franz\u00f6sischen Filmtagen in Stuttgart teilnehmen. Wir werden uns gemeinsam den Film &#8222;Noces&#8220; anschauen, der sich mit&#8230;<\/p>","protected":false},"author":1,"featured_media":0,"comment_status":"closed","ping_status":"closed","sticky":false,"template":"","format":"standard","meta":{"footnotes":""},"categories":[54],"tags":[56,55,57],"class_list":{"0":"post-776","1":"post","2":"type-post","3":"status-publish","4":"format-standard","6":"category-wg","7":"tag-filmtage","8":"tag-franzoesisch","9":"tag-jg2"},"_links":{"self":[{"href":"https:\/\/www.wg-west.de\/de_ls\/wp-json\/wp\/v2\/posts\/776","targetHints":{"allow":["GET"]}}],"collection":[{"href":"https:\/\/www.wg-west.de\/de_ls\/wp-json\/wp\/v2\/posts"}],"about":[{"href":"https:\/\/www.wg-west.de\/de_ls\/wp-json\/wp\/v2\/types\/post"}],"author":[{"embeddable":true,"href":"https:\/\/www.wg-west.de\/de_ls\/wp-json\/wp\/v2\/users\/1"}],"replies":[{"embeddable":true,"href":"https:\/\/www.wg-west.de\/de_ls\/wp-json\/wp\/v2\/comments?post=776"}],"version-history":[{"count":3,"href":"https:\/\/www.wg-west.de\/de_ls\/wp-json\/wp\/v2\/posts\/776\/revisions"}],"predecessor-version":[{"id":789,"href":"https:\/\/www.wg-west.de\/de_ls\/wp-json\/wp\/v2\/posts\/776\/revisions\/789"}],"wp:attachment":[{"href":"https:\/\/www.wg-west.de\/de_ls\/wp-json\/wp\/v2\/media?parent=776"}],"wp:term":[{"taxonomy":"category","embeddable":true,"href":"https:\/\/www.wg-west.de\/de_ls\/wp-json\/wp\/v2\/categories?post=776"},{"taxonomy":"post_tag","embeddable":true,"href":"https:\/\/www.wg-west.de\/de_ls\/wp-json\/wp\/v2\/tags?post=776"}],"curies":[{"name":"wp","href":"https:\/\/api.w.org\/{rel}","templated":true}]}}