{"id":739,"date":"2017-09-26T17:18:44","date_gmt":"2017-09-26T15:18:44","guid":{"rendered":"http:\/\/www.wg-west.de\/?p=739"},"modified":"2017-10-06T15:26:09","modified_gmt":"2017-10-06T13:26:09","slug":"franzoesich-auf-raedern-fuer-schueler","status":"publish","type":"post","link":"https:\/\/www.wg-west.de\/de_ls\/2017\/09\/26\/franzoesich-auf-raedern-fuer-schueler\/","title":{"rendered":"Franz\u00f6sich auf R\u00e4dern f\u00fcr Sch\u00fcler"},"content":{"rendered":"<p>Das France Mobil war am Wirtschaftsgymnasium West zu Gast, um Lust auf die fremde Sprache zu machen.<br \/>\nHier folgt der vollst\u00e4ndige Artikel aus der Stuttgarter Zeitung vom 25.09.2017:<\/p>\n<p>&nbsp;<\/p>","protected":false},"excerpt":{"rendered":"<p>Das France Mobil war am Wirtschaftsgymnasium West zu Gast, um Lust auf die fremde Sprache zu machen. Hier folgt der vollst\u00e4ndige Artikel aus der Stuttgarter Zeitung vom 25.09.2017: &nbsp;<\/p>","protected":false},"author":1,"featured_media":0,"comment_status":"closed","ping_status":"closed","sticky":false,"template":"","format":"standard","meta":{"footnotes":""},"categories":[1],"tags":[],"class_list":{"0":"post-739","1":"post","2":"type-post","3":"status-publish","4":"format-standard","6":"category-allgemein"},"_links":{"self":[{"href":"https:\/\/www.wg-west.de\/de_ls\/wp-json\/wp\/v2\/posts\/739","targetHints":{"allow":["GET"]}}],"collection":[{"href":"https:\/\/www.wg-west.de\/de_ls\/wp-json\/wp\/v2\/posts"}],"about":[{"href":"https:\/\/www.wg-west.de\/de_ls\/wp-json\/wp\/v2\/types\/post"}],"author":[{"embeddable":true,"href":"https:\/\/www.wg-west.de\/de_ls\/wp-json\/wp\/v2\/users\/1"}],"replies":[{"embeddable":true,"href":"https:\/\/www.wg-west.de\/de_ls\/wp-json\/wp\/v2\/comments?post=739"}],"version-history":[{"count":10,"href":"https:\/\/www.wg-west.de\/de_ls\/wp-json\/wp\/v2\/posts\/739\/revisions"}],"predecessor-version":[{"id":769,"href":"https:\/\/www.wg-west.de\/de_ls\/wp-json\/wp\/v2\/posts\/739\/revisions\/769"}],"wp:attachment":[{"href":"https:\/\/www.wg-west.de\/de_ls\/wp-json\/wp\/v2\/media?parent=739"}],"wp:term":[{"taxonomy":"category","embeddable":true,"href":"https:\/\/www.wg-west.de\/de_ls\/wp-json\/wp\/v2\/categories?post=739"},{"taxonomy":"post_tag","embeddable":true,"href":"https:\/\/www.wg-west.de\/de_ls\/wp-json\/wp\/v2\/tags?post=739"}],"curies":[{"name":"wp","href":"https:\/\/api.w.org\/{rel}","templated":true}]}}