{"id":7146,"date":"2025-07-11T10:14:43","date_gmt":"2025-07-11T08:14:43","guid":{"rendered":"https:\/\/www.wg-west.de\/?p=7146"},"modified":"2025-07-13T07:30:04","modified_gmt":"2025-07-13T05:30:04","slug":"abschlussfeier-der-zweijaehrigen-berufsfachschule-fuer-wirtschaft","status":"publish","type":"post","link":"https:\/\/www.wg-west.de\/de_ls\/2025\/07\/11\/abschlussfeier-der-zweijaehrigen-berufsfachschule-fuer-wirtschaft\/","title":{"rendered":"Abschlussfeier der zweij\u00e4hrigen Berufsfachschule f\u00fcr Wirtschaft"},"content":{"rendered":"<div id=\"fws_69ec7e42903d8\"  data-column-margin=\"default\" data-midnight=\"dark\"  class=\"wpb_row vc_row-fluid vc_row\"  style=\"padding-top: 0px; padding-bottom: 0px; \"><div class=\"row-bg-wrap\" data-bg-animation=\"none\" data-bg-animation-delay=\"\" data-bg-overlay=\"false\"><div class=\"inner-wrap row-bg-layer\" ><div class=\"row-bg viewport-desktop\"  style=\"\"><\/div><\/div><\/div><div class=\"row_col_wrap_12 col span_12 dark left\">\n\t<div  class=\"vc_col-sm-12 wpb_column column_container vc_column_container col no-extra-padding inherit_tablet inherit_phone\"  data-padding-pos=\"all\" data-has-bg-color=\"false\" data-bg-color=\"\" data-bg-opacity=\"1\" data-animation=\"\" data-delay=\"0\" >\n\t\t<div class=\"vc_column-inner\" >\n\t\t\t<div class=\"wpb_wrapper\">\n\t\t\t\t\n<div class=\"wpb_text_column wpb_content_element  text_direction_ltr\" >\n\t<p style=\"text-align: left;\">Nach zwei intensiven und lehrreichen Jahren ist es so weit: Die Sch\u00fclerinnen und Sch\u00fcler der Berufsfachschule feiern ihren erfolgreichen Abschluss. Mit viel Engagement, Flei\u00df und Teamgeist haben sie sich nicht nur fachliches Wissen angeeignet, sondern auch wichtige Kompetenzen f\u00fcr ihren weiteren beruflichen Weg erworben. Der Abschluss markiert einen bedeutenden Meilenstein \u2013 wir gratulieren herzlich und w\u00fcnschen allen Absolventinnen und Absolventen viel Erfolg f\u00fcr die Zukunft!<\/p>\n<\/div>\n\n\n\n\n\t\t\t<\/div> \n\t\t<\/div>\n\t<\/div> \n<\/div><\/div>\n\t\t<div id=\"fws_69ec7e42913d5\"  data-column-margin=\"default\" data-midnight=\"dark\"  class=\"wpb_row vc_row-fluid vc_row\"  style=\"padding-top: 0px; padding-bottom: 0px; \"><div class=\"row-bg-wrap\" data-bg-animation=\"none\" data-bg-animation-delay=\"\" data-bg-overlay=\"false\"><div class=\"inner-wrap row-bg-layer\" ><div class=\"row-bg viewport-desktop\"  style=\"\"><\/div><\/div><\/div><div class=\"row_col_wrap_12 col span_12 dark left\">\n\t<div  class=\"vc_col-sm-12 wpb_column column_container vc_column_container col no-extra-padding inherit_tablet inherit_phone\"  data-padding-pos=\"all\" data-has-bg-color=\"false\" data-bg-color=\"\" data-bg-opacity=\"1\" data-animation=\"\" data-delay=\"0\" >\n\t\t<div class=\"vc_column-inner\" >\n\t\t\t<div class=\"wpb_wrapper\">\n\t\t\t\t\n<div class=\"wpb_text_column wpb_content_element\" >\n\t<p><strong>Die Klasse BF 2\/1 mit den Klassenlehrerinnen<\/strong><\/p>\n<\/div>\n\n\n\n<div class=\"img-with-aniamtion-wrap\" data-max-width=\"100%\" data-max-width-mobile=\"default\" data-shadow=\"none\" data-animation=\"none\" >\n      <div class=\"inner\">\n        <div class=\"hover-wrap\"> \n          <div class=\"hover-wrap-inner\">\n            <a href=\"https:\/\/www.wg-west.de\/cms\/wp-content\/uploads\/2025\/07\/WS2_1_Abschlussfeier_25.jpg\" class=\"pp\">\n              <img loading=\"lazy\" decoding=\"async\" class=\"img-with-animation skip-lazy\" data-delay=\"0\" height=\"768\" width=\"1024\" data-animation=\"none\" src=\"https:\/\/www.wg-west.de\/cms\/wp-content\/uploads\/2025\/07\/WS2_1_Abschlussfeier_25.jpg\" alt=\"\" srcset=\"https:\/\/www.wg-west.de\/cms\/wp-content\/uploads\/2025\/07\/WS2_1_Abschlussfeier_25.jpg 1024w, https:\/\/www.wg-west.de\/cms\/wp-content\/uploads\/2025\/07\/WS2_1_Abschlussfeier_25-300x225.jpg 300w, https:\/\/www.wg-west.de\/cms\/wp-content\/uploads\/2025\/07\/WS2_1_Abschlussfeier_25-768x576.jpg 768w, https:\/\/www.wg-west.de\/cms\/wp-content\/uploads\/2025\/07\/WS2_1_Abschlussfeier_25-16x12.jpg 16w\" sizes=\"auto, (max-width: 1024px) 100vw, 1024px\" \/>\n            <\/a>\n          <\/div>\n        <\/div>\n         \n      <\/div>\n      <\/div>\n\t\t\t<\/div> \n\t\t<\/div>\n\t<\/div> \n<\/div><\/div>\n\t\t<div id=\"fws_69ec7e4292aa6\"  data-column-margin=\"default\" data-midnight=\"dark\"  class=\"wpb_row vc_row-fluid vc_row\"  style=\"padding-top: 0px; padding-bottom: 0px; \"><div class=\"row-bg-wrap\" data-bg-animation=\"none\" data-bg-animation-delay=\"\" data-bg-overlay=\"false\"><div class=\"inner-wrap row-bg-layer\" ><div class=\"row-bg viewport-desktop\"  style=\"\"><\/div><\/div><\/div><div class=\"row_col_wrap_12 col span_12 dark left\">\n\t<div  class=\"vc_col-sm-12 wpb_column column_container vc_column_container col no-extra-padding inherit_tablet inherit_phone\"  data-padding-pos=\"all\" data-has-bg-color=\"false\" data-bg-color=\"\" data-bg-opacity=\"1\" data-animation=\"\" data-delay=\"0\" >\n\t\t<div class=\"vc_column-inner\" >\n\t\t\t<div class=\"wpb_wrapper\">\n\t\t\t\t\n<div class=\"wpb_text_column wpb_content_element\" >\n\t<p><strong>Die Klasse BF 2\/2 mit den Klassenlehrerinnen<\/strong><\/p>\n<\/div>\n\n\n\n<div class=\"img-with-aniamtion-wrap\" data-max-width=\"100%\" data-max-width-mobile=\"default\" data-shadow=\"none\" data-animation=\"none\" >\n      <div class=\"inner\">\n        <div class=\"hover-wrap\"> \n          <div class=\"hover-wrap-inner\">\n            <a href=\"https:\/\/www.wg-west.de\/cms\/wp-content\/uploads\/2025\/07\/WS2_2_Abschlussfeier_25.jpeg\" class=\"pp\">\n              <img loading=\"lazy\" decoding=\"async\" class=\"img-with-animation skip-lazy\" data-delay=\"0\" height=\"600\" width=\"800\" data-animation=\"none\" src=\"https:\/\/www.wg-west.de\/cms\/wp-content\/uploads\/2025\/07\/WS2_2_Abschlussfeier_25.jpeg\" alt=\"\" srcset=\"https:\/\/www.wg-west.de\/cms\/wp-content\/uploads\/2025\/07\/WS2_2_Abschlussfeier_25.jpeg 800w, https:\/\/www.wg-west.de\/cms\/wp-content\/uploads\/2025\/07\/WS2_2_Abschlussfeier_25-300x225.jpeg 300w, https:\/\/www.wg-west.de\/cms\/wp-content\/uploads\/2025\/07\/WS2_2_Abschlussfeier_25-768x576.jpeg 768w, https:\/\/www.wg-west.de\/cms\/wp-content\/uploads\/2025\/07\/WS2_2_Abschlussfeier_25-16x12.jpeg 16w\" sizes=\"auto, (max-width: 800px) 100vw, 800px\" \/>\n            <\/a>\n          <\/div>\n        <\/div>\n         \n      <\/div>\n      <\/div>\n\t\t\t<\/div> \n\t\t<\/div>\n\t<\/div> \n<\/div><\/div>","protected":false},"excerpt":{"rendered":"Nach zwei intensiven und lehrreichen Jahren ist es so weit: Die Sch\u00fclerinnen und Sch\u00fcler der Berufsfachschule feiern ihren erfolgreichen Abschluss. Mit viel Engagement, Flei\u00df und Teamgeist haben sie sich nicht...","protected":false},"author":3,"featured_media":0,"comment_status":"closed","ping_status":"closed","sticky":false,"template":"","format":"standard","meta":{"footnotes":""},"categories":[228],"tags":[],"class_list":{"0":"post-7146","1":"post","2":"type-post","3":"status-publish","4":"format-standard","6":"category-ws"},"_links":{"self":[{"href":"https:\/\/www.wg-west.de\/de_ls\/wp-json\/wp\/v2\/posts\/7146","targetHints":{"allow":["GET"]}}],"collection":[{"href":"https:\/\/www.wg-west.de\/de_ls\/wp-json\/wp\/v2\/posts"}],"about":[{"href":"https:\/\/www.wg-west.de\/de_ls\/wp-json\/wp\/v2\/types\/post"}],"author":[{"embeddable":true,"href":"https:\/\/www.wg-west.de\/de_ls\/wp-json\/wp\/v2\/users\/3"}],"replies":[{"embeddable":true,"href":"https:\/\/www.wg-west.de\/de_ls\/wp-json\/wp\/v2\/comments?post=7146"}],"version-history":[{"count":6,"href":"https:\/\/www.wg-west.de\/de_ls\/wp-json\/wp\/v2\/posts\/7146\/revisions"}],"predecessor-version":[{"id":7160,"href":"https:\/\/www.wg-west.de\/de_ls\/wp-json\/wp\/v2\/posts\/7146\/revisions\/7160"}],"wp:attachment":[{"href":"https:\/\/www.wg-west.de\/de_ls\/wp-json\/wp\/v2\/media?parent=7146"}],"wp:term":[{"taxonomy":"category","embeddable":true,"href":"https:\/\/www.wg-west.de\/de_ls\/wp-json\/wp\/v2\/categories?post=7146"},{"taxonomy":"post_tag","embeddable":true,"href":"https:\/\/www.wg-west.de\/de_ls\/wp-json\/wp\/v2\/tags?post=7146"}],"curies":[{"name":"wp","href":"https:\/\/api.w.org\/{rel}","templated":true}]}}