{"id":714,"date":"2017-09-13T18:30:08","date_gmt":"2017-09-13T16:30:08","guid":{"rendered":"http:\/\/www.wg-west.de\/?p=714"},"modified":"2017-10-13T13:09:24","modified_gmt":"2017-10-13T11:09:24","slug":"skiausfahrt-03-02-07-02-2018-nach-steibis","status":"publish","type":"post","link":"https:\/\/www.wg-west.de\/de_ls\/2017\/09\/13\/skiausfahrt-03-02-07-02-2018-nach-steibis\/","title":{"rendered":"Skiausfahrt 02.02.-06.02.2018 nach Steibis"},"content":{"rendered":"<p>Teilnehmen d\u00fcrfen <u>alle<\/u> Sch\u00fcler und Sch\u00fclerinnen des WG West.<\/p>\n<p><!--more-->Wir fahren mit dem Bus am Freitag, den 02.02.2018 von Stuttgart nach Steibis.<\/p>\n<p>\u00dcbernachtet wird in der Pension Hauber, dort gibt es f\u00fcr 30 Personen, 2-4 Bett-Zimmer, die meisten mit WC und Dusche.\u00a0<strong>Hinweis:<\/strong> sehr einfache aber gem\u00fctliche Unterkunft!<\/p>\n<p>Vollpension ist inklusive, wobei das Abendessen in der nahe gelegenen Festhalle eingenommen wird.<\/p>\n<p>Einen 4-Tages Skipass f\u00fcr die Skiarena Steibis gibt es noch dazu.<\/p>\n<p><strong>Hinweis:<\/strong> Skiausr\u00fcstung kann Vorort gemietet werden (Ski- und Snowboardausr\u00fcstung<br \/>\n21,- EUR\/Tag), ggf. billiger wenn mehrere Personen diesen Service in Anspruch nehmen.<\/p>\n<h4>Die Kosten betragen 310,- EUR incl. Versicherung und Getr\u00e4nkepauschale.<\/h4>\n<p>Davon m\u00fcssen <strong>150,- EUR<\/strong> bis zum <strong>25.09.2017<\/strong> angezahlt werden (Meldetermin f\u00fcr Veranstalter), der Rest ist bis zum <strong>10.01.2018<\/strong> f\u00e4llig. Im Falle eines R\u00fccktritts werden 50,- EUR Busanteil nicht r\u00fcckerstattet.<\/p>\n<p>Teilnehmen d\u00fcrfen <u>alle<\/u> Sch\u00fcler und Sch\u00fclerinnen des WG West. Anmeldungen nur gegen \u00dcberweisung <strong>UND<\/strong> Abgabe des verbindlichen Anmeldebogens. Die Daten f\u00fcr die \u00dcberweisung und den Anmeldebogen findet ihr in der Schule an der Infotafel gegen\u00fcber dem Lehrerzimmer.<\/p>\n<p>Da die Teilnehmerzahl begrenzt ist, gilt das Datum der \u00dcberweisung als Zulassungskriterium.<\/p>\n<p>R\u00fcckfragen?\u00a0\u00a0\u00a0\u00a0 Dagmar Limmeroth\u00a0\u00a0\u00a0\u00a0\u00a0\u00a0\u00a0\u00a0\u00a0\u00a0\u00a0\u00a0\u00a0\u00a0\u00a0\u00a0\u00a0\u00a0\u00a0\u00a0\u00a0 dagmar.limmeroth@wg-west.de<\/p>","protected":false},"excerpt":{"rendered":"<p>Teilnehmen d\u00fcrfen alle Sch\u00fcler und Sch\u00fclerinnen des WG West.<\/p>","protected":false},"author":1,"featured_media":717,"comment_status":"closed","ping_status":"closed","sticky":false,"template":"","format":"standard","meta":{"footnotes":""},"categories":[1],"tags":[],"class_list":{"0":"post-714","1":"post","2":"type-post","3":"status-publish","4":"format-standard","5":"has-post-thumbnail","7":"category-allgemein"},"_links":{"self":[{"href":"https:\/\/www.wg-west.de\/de_ls\/wp-json\/wp\/v2\/posts\/714","targetHints":{"allow":["GET"]}}],"collection":[{"href":"https:\/\/www.wg-west.de\/de_ls\/wp-json\/wp\/v2\/posts"}],"about":[{"href":"https:\/\/www.wg-west.de\/de_ls\/wp-json\/wp\/v2\/types\/post"}],"author":[{"embeddable":true,"href":"https:\/\/www.wg-west.de\/de_ls\/wp-json\/wp\/v2\/users\/1"}],"replies":[{"embeddable":true,"href":"https:\/\/www.wg-west.de\/de_ls\/wp-json\/wp\/v2\/comments?post=714"}],"version-history":[{"count":6,"href":"https:\/\/www.wg-west.de\/de_ls\/wp-json\/wp\/v2\/posts\/714\/revisions"}],"predecessor-version":[{"id":790,"href":"https:\/\/www.wg-west.de\/de_ls\/wp-json\/wp\/v2\/posts\/714\/revisions\/790"}],"wp:featuredmedia":[{"embeddable":true,"href":"https:\/\/www.wg-west.de\/de_ls\/wp-json\/wp\/v2\/media\/717"}],"wp:attachment":[{"href":"https:\/\/www.wg-west.de\/de_ls\/wp-json\/wp\/v2\/media?parent=714"}],"wp:term":[{"taxonomy":"category","embeddable":true,"href":"https:\/\/www.wg-west.de\/de_ls\/wp-json\/wp\/v2\/categories?post=714"},{"taxonomy":"post_tag","embeddable":true,"href":"https:\/\/www.wg-west.de\/de_ls\/wp-json\/wp\/v2\/tags?post=714"}],"curies":[{"name":"wp","href":"https:\/\/api.w.org\/{rel}","templated":true}]}}