{"id":6561,"date":"2025-06-12T15:30:30","date_gmt":"2025-06-12T13:30:30","guid":{"rendered":"https:\/\/www.wg-west.de\/2025\/04\/03\/besuch-der-uebungsfirmenmesse-in-pforzheim-mit-dem-bk-2\/"},"modified":"2026-04-13T13:14:59","modified_gmt":"2026-04-13T11:14:59","slug":"demokratiereise-nach-athen","status":"publish","type":"post","link":"https:\/\/www.wg-west.de\/de_ls\/2025\/06\/12\/demokratiereise-nach-athen\/","title":{"rendered":"Demokratiereise nach Athen"},"content":{"rendered":"<div id=\"fws_69f33a6315c7a\"  data-column-margin=\"default\" data-midnight=\"dark\"  class=\"wpb_row vc_row-fluid vc_row\"  style=\"padding-top: 0px; padding-bottom: 0px; \"><div class=\"row-bg-wrap\" data-bg-animation=\"none\" data-bg-animation-delay=\"\" data-bg-overlay=\"false\"><div class=\"inner-wrap row-bg-layer\" ><div class=\"row-bg viewport-desktop\"  style=\"\"><\/div><\/div><\/div><div class=\"row_col_wrap_12 col span_12 dark left\">\n\t<div  class=\"vc_col-sm-12 wpb_column column_container vc_column_container col no-extra-padding inherit_tablet inherit_phone flex_gap_desktop_10px\"  data-padding-pos=\"all\" data-has-bg-color=\"false\" data-bg-color=\"\" data-bg-opacity=\"1\" data-animation=\"\" data-delay=\"0\" >\n\t\t<div class=\"vc_column-inner\" >\n\t\t\t<div class=\"wpb_wrapper\">\n\t\t\t\t<div class=\"img-with-aniamtion-wrap\" data-max-width=\"100%\" data-max-width-mobile=\"default\" data-shadow=\"none\" data-animation=\"none\" >\n      <div class=\"inner\">\n        <div class=\"hover-wrap\"> \n          <div class=\"hover-wrap-inner\">\n            <img loading=\"lazy\" decoding=\"async\" class=\"img-with-animation skip-lazy\" data-delay=\"0\" height=\"2560\" width=\"1668\" data-animation=\"none\" src=\"https:\/\/www.wg-west.de\/cms\/wp-content\/uploads\/2025\/06\/Athen_Demokratie_12_06_25-4-scaled-e1776079077621.jpg\" alt=\"\" srcset=\"https:\/\/www.wg-west.de\/cms\/wp-content\/uploads\/2025\/06\/Athen_Demokratie_12_06_25-4-scaled-e1776079077621.jpg 1668w, https:\/\/www.wg-west.de\/cms\/wp-content\/uploads\/2025\/06\/Athen_Demokratie_12_06_25-4-scaled-e1776079077621-195x300.jpg 195w, https:\/\/www.wg-west.de\/cms\/wp-content\/uploads\/2025\/06\/Athen_Demokratie_12_06_25-4-scaled-e1776079077621-667x1024.jpg 667w, https:\/\/www.wg-west.de\/cms\/wp-content\/uploads\/2025\/06\/Athen_Demokratie_12_06_25-4-scaled-e1776079077621-768x1179.jpg 768w, https:\/\/www.wg-west.de\/cms\/wp-content\/uploads\/2025\/06\/Athen_Demokratie_12_06_25-4-scaled-e1776079077621-1001x1536.jpg 1001w, https:\/\/www.wg-west.de\/cms\/wp-content\/uploads\/2025\/06\/Athen_Demokratie_12_06_25-4-scaled-e1776079077621-1334x2048.jpg 1334w, https:\/\/www.wg-west.de\/cms\/wp-content\/uploads\/2025\/06\/Athen_Demokratie_12_06_25-4-scaled-e1776079077621-8x12.jpg 8w\" sizes=\"auto, (max-width: 1668px) 100vw, 1668px\" \/>\n          <\/div>\n        <\/div>\n        \n      <\/div>\n    <\/div>\n<div class=\"wpb_text_column wpb_content_element\" >\n\t<p style=\"text-align: left;\">In der ersten Juniwoche reisten unsere Sch\u00fclerInnen des Global Studies I-Kurses aus den Eingangsklassen nach Athen \u2013 zur Wiege der europ\u00e4ischen Demokratie. Vor Ort tauschten sie sich mit griechischen Jugendlichen \u00fcber aktuelle Gefahren f\u00fcr demokratische Systeme aus, etwa \u00fcber gezielte Desinformation, Propaganda und soziale Ungleichheiten.<\/p>\n<p style=\"text-align: left;\">Beim Besuch der Akropolis, des Akropolis-Museums und der antiken Agora besch\u00e4ftigten sich unsere Sch\u00fclerInnen mit den Warnungen von Philosophen wie Sokrates und Platon, die schon in der Antike vor Demagogen und uninformierten Massen warnten. Schnell wurde deutlich: Bildung, kritisches Denken und gemeinschaftliche Verantwortung sind unerl\u00e4sslich f\u00fcr den Erhalt der Demokratie. Unsere Sch\u00fclerInnen erkannten, dass Egoismus, Machtstreben und mangelnde Chancengleichheit auch heute Demokratien gef\u00e4hrden.<\/p>\n<p style=\"text-align: left;\">Die Reise zeigte, wie aktuell die alten Fragen geblieben sind \u2013 und wie wichtig es ist, gemeinsam f\u00fcr Wahrheit, Gerechtigkeit und Gleichheit einzustehen. Demokratie, so wurde allen klar, ist kein Selbstl\u00e4ufer, sondern ein Prozess, der unser t\u00e4gliches Engagement braucht.<\/p>\n<\/div>\n\n\n\n<div class=\"divider-wrap\" data-alignment=\"default\"><div style=\"height: 20px;\" class=\"divider\"><\/div><\/div>\n<div class=\"wpb_text_column wpb_content_element\" >\n\t<p style=\"text-align: left;\"><em>Text und Bild: KOS<\/em><\/p>\n<\/div>\n\n\n\n\n\t\t\t<\/div> \n\t\t<\/div>\n\t<\/div> \n<\/div><\/div>","protected":false},"excerpt":{"rendered":"In der ersten Juniwoche reisten unsere Sch\u00fclerInnen des Global Studies I-Kurses aus den Eingangsklassen nach Athen \u2013 zur Wiege der europ\u00e4ischen Demokratie. Vor Ort tauschten sie sich mit griechischen Jugendlichen...","protected":false},"author":3,"featured_media":0,"comment_status":"closed","ping_status":"closed","sticky":false,"template":"","format":"standard","meta":{"footnotes":""},"categories":[54],"tags":[620,619,573,621],"class_list":{"0":"post-6561","1":"post","2":"type-post","3":"status-publish","4":"format-standard","6":"category-wg","7":"tag-athen","8":"tag-demokratie","9":"tag-demokratiebildung","10":"tag-philosophie"},"_links":{"self":[{"href":"https:\/\/www.wg-west.de\/de_ls\/wp-json\/wp\/v2\/posts\/6561","targetHints":{"allow":["GET"]}}],"collection":[{"href":"https:\/\/www.wg-west.de\/de_ls\/wp-json\/wp\/v2\/posts"}],"about":[{"href":"https:\/\/www.wg-west.de\/de_ls\/wp-json\/wp\/v2\/types\/post"}],"author":[{"embeddable":true,"href":"https:\/\/www.wg-west.de\/de_ls\/wp-json\/wp\/v2\/users\/3"}],"replies":[{"embeddable":true,"href":"https:\/\/www.wg-west.de\/de_ls\/wp-json\/wp\/v2\/comments?post=6561"}],"version-history":[{"count":14,"href":"https:\/\/www.wg-west.de\/de_ls\/wp-json\/wp\/v2\/posts\/6561\/revisions"}],"predecessor-version":[{"id":8670,"href":"https:\/\/www.wg-west.de\/de_ls\/wp-json\/wp\/v2\/posts\/6561\/revisions\/8670"}],"wp:attachment":[{"href":"https:\/\/www.wg-west.de\/de_ls\/wp-json\/wp\/v2\/media?parent=6561"}],"wp:term":[{"taxonomy":"category","embeddable":true,"href":"https:\/\/www.wg-west.de\/de_ls\/wp-json\/wp\/v2\/categories?post=6561"},{"taxonomy":"post_tag","embeddable":true,"href":"https:\/\/www.wg-west.de\/de_ls\/wp-json\/wp\/v2\/tags?post=6561"}],"curies":[{"name":"wp","href":"https:\/\/api.w.org\/{rel}","templated":true}]}}