{"id":2766,"date":"2023-03-02T08:57:13","date_gmt":"2023-03-02T07:57:13","guid":{"rendered":"https:\/\/www.wg-west.de\/?p=2766"},"modified":"2023-03-24T08:58:32","modified_gmt":"2023-03-24T07:58:32","slug":"freitag-03-maerz-fernlerntag-am-wg-west","status":"publish","type":"post","link":"https:\/\/www.wg-west.de\/de_ls\/2023\/03\/02\/freitag-03-maerz-fernlerntag-am-wg-west\/","title":{"rendered":"Montag, 27. M\u00e4rz &#8211; Fernlerntag am WG West"},"content":{"rendered":"<p>Um allen unseren Sch\u00fclerinnen und Sch\u00fclern trotz des Streiks im \u00d6PNV ein Unterrichtsangebot machen zu k\u00f6nnen, werden wir am Montag erneut einen Fernlerntag durchf\u00fchren. Der Unterricht findet stundenplanm\u00e4\u00dfig statt.\u00a0<\/p>","protected":false},"excerpt":{"rendered":"<p>Um allen unseren Sch\u00fclerinnen und Sch\u00fclern trotz des Streiks im \u00d6PNV ein Unterrichtsangebot machen zu k\u00f6nnen, werden wir am Montag erneut einen Fernlerntag durchf\u00fchren. Der Unterricht findet stundenplanm\u00e4\u00dfig statt.\u00a0<\/p>","protected":false},"author":1,"featured_media":0,"comment_status":"closed","ping_status":"closed","sticky":false,"template":"","format":"standard","meta":{"footnotes":""},"categories":[1],"tags":[],"class_list":{"0":"post-2766","1":"post","2":"type-post","3":"status-publish","4":"format-standard","6":"category-allgemein"},"_links":{"self":[{"href":"https:\/\/www.wg-west.de\/de_ls\/wp-json\/wp\/v2\/posts\/2766","targetHints":{"allow":["GET"]}}],"collection":[{"href":"https:\/\/www.wg-west.de\/de_ls\/wp-json\/wp\/v2\/posts"}],"about":[{"href":"https:\/\/www.wg-west.de\/de_ls\/wp-json\/wp\/v2\/types\/post"}],"author":[{"embeddable":true,"href":"https:\/\/www.wg-west.de\/de_ls\/wp-json\/wp\/v2\/users\/1"}],"replies":[{"embeddable":true,"href":"https:\/\/www.wg-west.de\/de_ls\/wp-json\/wp\/v2\/comments?post=2766"}],"version-history":[{"count":3,"href":"https:\/\/www.wg-west.de\/de_ls\/wp-json\/wp\/v2\/posts\/2766\/revisions"}],"predecessor-version":[{"id":2775,"href":"https:\/\/www.wg-west.de\/de_ls\/wp-json\/wp\/v2\/posts\/2766\/revisions\/2775"}],"wp:attachment":[{"href":"https:\/\/www.wg-west.de\/de_ls\/wp-json\/wp\/v2\/media?parent=2766"}],"wp:term":[{"taxonomy":"category","embeddable":true,"href":"https:\/\/www.wg-west.de\/de_ls\/wp-json\/wp\/v2\/categories?post=2766"},{"taxonomy":"post_tag","embeddable":true,"href":"https:\/\/www.wg-west.de\/de_ls\/wp-json\/wp\/v2\/tags?post=2766"}],"curies":[{"name":"wp","href":"https:\/\/api.w.org\/{rel}","templated":true}]}}