{"id":2694,"date":"2023-01-18T18:17:06","date_gmt":"2023-01-18T17:17:06","guid":{"rendered":"https:\/\/www.wg-west.de\/?p=2694"},"modified":"2023-01-18T18:17:13","modified_gmt":"2023-01-18T17:17:13","slug":"zukunftstag-fuer-die-jg2-am-wg-west-27-01-23-der-crashkurs-fuers-leben","status":"publish","type":"post","link":"https:\/\/www.wg-west.de\/de_ls\/2023\/01\/18\/zukunftstag-fuer-die-jg2-am-wg-west-27-01-23-der-crashkurs-fuers-leben\/","title":{"rendered":"Zukunftstag f\u00fcr die JG2 am WG West (27.01.23) \u2013 Der \u201eCrashkurs f\u00fcrs Leben\u201c"},"content":{"rendered":"<figure class=\"wp-block-image size-large\"><img loading=\"lazy\" decoding=\"async\" width=\"1024\" height=\"576\" src=\"https:\/\/www.wg-west.de\/cms\/wp-content\/uploads\/2023\/01\/Logo-Zukunftstag-Positiv-RGB-nro-1024x576.png\" alt=\"\" class=\"wp-image-2695\" srcset=\"https:\/\/www.wg-west.de\/cms\/wp-content\/uploads\/2023\/01\/Logo-Zukunftstag-Positiv-RGB-nro-1024x576.png 1024w, https:\/\/www.wg-west.de\/cms\/wp-content\/uploads\/2023\/01\/Logo-Zukunftstag-Positiv-RGB-nro-300x169.png 300w, https:\/\/www.wg-west.de\/cms\/wp-content\/uploads\/2023\/01\/Logo-Zukunftstag-Positiv-RGB-nro-768x432.png 768w, https:\/\/www.wg-west.de\/cms\/wp-content\/uploads\/2023\/01\/Logo-Zukunftstag-Positiv-RGB-nro-1536x864.png 1536w, https:\/\/www.wg-west.de\/cms\/wp-content\/uploads\/2023\/01\/Logo-Zukunftstag-Positiv-RGB-nro.png 1920w\" sizes=\"auto, (max-width: 1024px) 100vw, 1024px\" \/><\/figure>\n\n\n\n<p>Am Freitag, 27.01.23 findet der erste Zukunftstag am WG West statt. Der Zukunftstag ist ein Workshoptag f\u00fcr Klassen der Oberstufe, bei dem in vier verschiedenen Workshops Grundlagenwissen in den Bereichen Steuern; erste eigene Wohnung; Krankenkasse und Finanzen vermittelt wird.\u00a0\u00a0<\/p>\n\n\n\n<p>Fragen, die unter anderem in den Workshops gekl\u00e4rt werden sollen sind z.B. \u201eWas muss ich in meinem ersten Mietvertrag beachten?\u201c, \u201eIn welchen F\u00e4llen sollte ich eine Einkommenssteuererkl\u00e4rung abgeben?\u201c, Wann muss ich mich f\u00fcr eine eigene Krankenversicherung entscheiden?\u201c oder \u201eWas ist eine Berufsunf\u00e4higkeitsversicherung und (wann) brauche ich sie?\u201c&nbsp;<\/p>\n\n\n\n<p>Der Zukunftstag ist ein Programm des gemeinn\u00fctzigen Vereins ,,Initiative f\u00fcr wirtschaftliche Jugendbildung e.V.&#8220;. Die Initiative ist ein deutschlandweiter Zusammenschluss von Sch\u00fclerinnen, Sch\u00fclern und Studierenden mit Sitz in Kassel. Ziel des Vereins ist, Sch\u00fclerInnen mit dem Schulabschluss in den vier genannten Bereichen mit Basiswissen auszur\u00fcsten. Dabei garantiert der Verein die Werbefreiheit der Referierenden.&nbsp;&nbsp;<\/p>\n\n\n\n<p>Im Anschluss an den Workshop findet f\u00fcr die JG2 die Zeugnisausgabe statt.\u00a0<\/p>\n\n\n\n<p>Mehr Informationen unter: <a rel=\"noreferrer noopener\" href=\"https:\/\/www.zukunftstag.org\/\" target=\"_blank\">https:\/\/www.zukunftstag.org\/<\/a> oder unter: <a href=\"https:\/\/www.instagram.com\/zukunftstag_deutschland\/?hl=de\" target=\"_blank\" rel=\"noreferrer noopener\">https:\/\/www.instagram.com\/zukunftstag_deutschland\/?hl=de<\/a><\/p>","protected":false},"excerpt":{"rendered":"<p>Am Freitag, 27.01.23 findet der erste Zukunftstag am WG West statt. Der Zukunftstag ist ein Workshoptag f\u00fcr Klassen der Oberstufe, bei dem in vier verschiedenen Workshops Grundlagenwissen in den Bereichen&#8230;<\/p>","protected":false},"author":1,"featured_media":0,"comment_status":"closed","ping_status":"closed","sticky":false,"template":"","format":"standard","meta":{"footnotes":""},"categories":[1],"tags":[500,501,499],"class_list":{"0":"post-2694","1":"post","2":"type-post","3":"status-publish","4":"format-standard","6":"category-allgemein","7":"tag-crashkurs-fuers-lebe","8":"tag-initiative-fvuer-wirtschaftliche-jugendbildung-e-v","9":"tag-zukunftstag"},"_links":{"self":[{"href":"https:\/\/www.wg-west.de\/de_ls\/wp-json\/wp\/v2\/posts\/2694","targetHints":{"allow":["GET"]}}],"collection":[{"href":"https:\/\/www.wg-west.de\/de_ls\/wp-json\/wp\/v2\/posts"}],"about":[{"href":"https:\/\/www.wg-west.de\/de_ls\/wp-json\/wp\/v2\/types\/post"}],"author":[{"embeddable":true,"href":"https:\/\/www.wg-west.de\/de_ls\/wp-json\/wp\/v2\/users\/1"}],"replies":[{"embeddable":true,"href":"https:\/\/www.wg-west.de\/de_ls\/wp-json\/wp\/v2\/comments?post=2694"}],"version-history":[{"count":1,"href":"https:\/\/www.wg-west.de\/de_ls\/wp-json\/wp\/v2\/posts\/2694\/revisions"}],"predecessor-version":[{"id":2696,"href":"https:\/\/www.wg-west.de\/de_ls\/wp-json\/wp\/v2\/posts\/2694\/revisions\/2696"}],"wp:attachment":[{"href":"https:\/\/www.wg-west.de\/de_ls\/wp-json\/wp\/v2\/media?parent=2694"}],"wp:term":[{"taxonomy":"category","embeddable":true,"href":"https:\/\/www.wg-west.de\/de_ls\/wp-json\/wp\/v2\/categories?post=2694"},{"taxonomy":"post_tag","embeddable":true,"href":"https:\/\/www.wg-west.de\/de_ls\/wp-json\/wp\/v2\/tags?post=2694"}],"curies":[{"name":"wp","href":"https:\/\/api.w.org\/{rel}","templated":true}]}}