{"id":2492,"date":"2022-04-01T17:29:06","date_gmt":"2022-04-01T15:29:06","guid":{"rendered":"http:\/\/www.wg-west.de\/?p=2492"},"modified":"2022-04-01T17:29:06","modified_gmt":"2022-04-01T15:29:06","slug":"wegfall-der-maskenpflicht","status":"publish","type":"post","link":"https:\/\/www.wg-west.de\/de_ls\/2022\/04\/01\/wegfall-der-maskenpflicht\/","title":{"rendered":"Wegfall der Maskenpflicht"},"content":{"rendered":"<p><strong>Ab Montag, dem 04. April besteht nicht mehr die Pflicht zum Tragen einer Maske im Unterricht und im Schulhaus.<\/strong><br>Das Tragen von Masken ist der wirksamste Schutz gegen eine Infektion. Jede Infektion f\u00fchrt dazu, dass Sch\u00fclerinnen und Sch\u00fcler Unterricht vers\u00e4umen und bei Infektionen von Lehrkr\u00e4ften zu Unterrichtsausfall. Beides wollen wir vermeiden, insbesondere kurz vor Beginn der Pr\u00fcfungszeit.&nbsp;<br><strong>\u00dcbernehmen Sie Verantwortung f\u00fcr sich und f\u00fcr andere: Tragen Sie freiwillig eine Maske im Unterricht!<\/strong><\/p>","protected":false},"excerpt":{"rendered":"<p>Ab Montag, dem 04. April besteht nicht mehr die Pflicht zum Tragen einer Maske im Unterricht und im Schulhaus.Das Tragen von Masken ist der wirksamste Schutz gegen eine Infektion. Jede&#8230;<\/p>","protected":false},"author":1,"featured_media":0,"comment_status":"closed","ping_status":"closed","sticky":false,"template":"","format":"standard","meta":{"footnotes":""},"categories":[1],"tags":[361,477],"class_list":{"0":"post-2492","1":"post","2":"type-post","3":"status-publish","4":"format-standard","6":"category-allgemein","7":"tag-maskenpflicht","8":"tag-verantwortung"},"_links":{"self":[{"href":"https:\/\/www.wg-west.de\/de_ls\/wp-json\/wp\/v2\/posts\/2492","targetHints":{"allow":["GET"]}}],"collection":[{"href":"https:\/\/www.wg-west.de\/de_ls\/wp-json\/wp\/v2\/posts"}],"about":[{"href":"https:\/\/www.wg-west.de\/de_ls\/wp-json\/wp\/v2\/types\/post"}],"author":[{"embeddable":true,"href":"https:\/\/www.wg-west.de\/de_ls\/wp-json\/wp\/v2\/users\/1"}],"replies":[{"embeddable":true,"href":"https:\/\/www.wg-west.de\/de_ls\/wp-json\/wp\/v2\/comments?post=2492"}],"version-history":[{"count":1,"href":"https:\/\/www.wg-west.de\/de_ls\/wp-json\/wp\/v2\/posts\/2492\/revisions"}],"predecessor-version":[{"id":2493,"href":"https:\/\/www.wg-west.de\/de_ls\/wp-json\/wp\/v2\/posts\/2492\/revisions\/2493"}],"wp:attachment":[{"href":"https:\/\/www.wg-west.de\/de_ls\/wp-json\/wp\/v2\/media?parent=2492"}],"wp:term":[{"taxonomy":"category","embeddable":true,"href":"https:\/\/www.wg-west.de\/de_ls\/wp-json\/wp\/v2\/categories?post=2492"},{"taxonomy":"post_tag","embeddable":true,"href":"https:\/\/www.wg-west.de\/de_ls\/wp-json\/wp\/v2\/tags?post=2492"}],"curies":[{"name":"wp","href":"https:\/\/api.w.org\/{rel}","templated":true}]}}