{"id":2361,"date":"2021-10-12T10:16:56","date_gmt":"2021-10-12T08:16:56","guid":{"rendered":"http:\/\/www.wg-west.de\/?p=2361"},"modified":"2021-10-12T10:16:56","modified_gmt":"2021-10-12T08:16:56","slug":"studientag","status":"publish","type":"post","link":"https:\/\/www.wg-west.de\/de_ls\/2021\/10\/12\/studientag\/","title":{"rendered":"Studientag"},"content":{"rendered":"<p>Am&nbsp;<strong><u>Mittwoch, den 17. November 2021<\/u><\/strong>&nbsp;findet der diesj\u00e4hrige&nbsp;<strong><u>Studientag<\/u><\/strong>&nbsp;statt. An diesem Tag informieren die Dualen Hochschulen, Fachhochschulen und Universit\u00e4ten der Region die Sch\u00fclerinnen und Sch\u00fcler der Jahrgangsstufen 1 und 2 und des BK 2 \u00fcber ihre Studieng\u00e4nge.<\/p>\n\n\n\n<p><strong>Informationen<\/strong>&nbsp;\u00fcber das gesamte Angebot zum Studientag gibt es unten dem Link&nbsp;<a href=\"http:\/\/www.studieninfotag.de\/\"><u>http:\/\/www.studieninfotag.de<\/u><\/a>. Auf dieser Seite auf den Reiter \u201eVeranstaltungen\u201c klicken. Hier werden alle Hochschulen aufgez\u00e4hlt, die an diesem Tag Informationsveranstaltungen anbieten. Das genaue Programm der jeweiligen Institution, die genaue Adresse, den Veranstaltungsort und die Zeiten sind dann auf den Seiten der jeweiligen Hochschule zu finden.&nbsp;<\/p>\n\n\n\n<p>Bei den meisten Universit\u00e4ten und Hochschulen muss man sich in der Regel nicht anmelden, sondern kann einfach hingehen. Bei einigen Hochschulen muss man sich anmelden, wie das geht, wird genau erkl\u00e4rt. Achtung! Die Anmeldung muss in der Regel ein bis zwei Wochen vor der Veranstaltung erfolgen.<\/p>\n\n\n\n<p>Weitere Informationen zum Studium in Baden-W\u00fcrttemberg finden sich auf der Seite&nbsp;<a href=\"http:\/\/www.studieninfo-bw.de\/\"><u>www.studieninfo-bw.de<\/u><\/a>. Au\u00dferdem&nbsp;<strong>liegt im Aufenthaltsraum die aktuelle Ausgabe Studien- &amp; Berufswahl.<\/strong><\/p>\n\n\n\n<p>Wer am Studientag einer Dualen Hochschule, Fachhochschule oder Universit\u00e4t teilnimmt, ist f\u00fcr diesen Tag vom Unterricht beurlaubt. Da die Hochschulen in der Regel keine Anwesenheitsbescheinigungen ausstellen, muss bitte mit dem Klassenlehrer gekl\u00e4rt werden, wie die Teilnahme nachgewiesen werden kann.&nbsp;<\/p>\n\n\n\n<p>Viel Freude beim Studientag<\/p>","protected":false},"excerpt":{"rendered":"<p>Am&nbsp;Mittwoch, den 17. November 2021&nbsp;findet der diesj\u00e4hrige&nbsp;Studientag&nbsp;statt. An diesem Tag informieren die Dualen Hochschulen, Fachhochschulen und Universit\u00e4ten der Region die Sch\u00fclerinnen und Sch\u00fcler der Jahrgangsstufen 1 und 2 und des&#8230;<\/p>","protected":false},"author":1,"featured_media":0,"comment_status":"closed","ping_status":"closed","sticky":false,"template":"","format":"standard","meta":{"footnotes":""},"categories":[1],"tags":[77,443,76,442],"class_list":{"0":"post-2361","1":"post","2":"type-post","3":"status-publish","4":"format-standard","6":"category-allgemein","7":"tag-hochschulen","8":"tag-informationsveranstaltung","9":"tag-studientag","10":"tag-universtiaeten"},"_links":{"self":[{"href":"https:\/\/www.wg-west.de\/de_ls\/wp-json\/wp\/v2\/posts\/2361","targetHints":{"allow":["GET"]}}],"collection":[{"href":"https:\/\/www.wg-west.de\/de_ls\/wp-json\/wp\/v2\/posts"}],"about":[{"href":"https:\/\/www.wg-west.de\/de_ls\/wp-json\/wp\/v2\/types\/post"}],"author":[{"embeddable":true,"href":"https:\/\/www.wg-west.de\/de_ls\/wp-json\/wp\/v2\/users\/1"}],"replies":[{"embeddable":true,"href":"https:\/\/www.wg-west.de\/de_ls\/wp-json\/wp\/v2\/comments?post=2361"}],"version-history":[{"count":1,"href":"https:\/\/www.wg-west.de\/de_ls\/wp-json\/wp\/v2\/posts\/2361\/revisions"}],"predecessor-version":[{"id":2362,"href":"https:\/\/www.wg-west.de\/de_ls\/wp-json\/wp\/v2\/posts\/2361\/revisions\/2362"}],"wp:attachment":[{"href":"https:\/\/www.wg-west.de\/de_ls\/wp-json\/wp\/v2\/media?parent=2361"}],"wp:term":[{"taxonomy":"category","embeddable":true,"href":"https:\/\/www.wg-west.de\/de_ls\/wp-json\/wp\/v2\/categories?post=2361"},{"taxonomy":"post_tag","embeddable":true,"href":"https:\/\/www.wg-west.de\/de_ls\/wp-json\/wp\/v2\/tags?post=2361"}],"curies":[{"name":"wp","href":"https:\/\/api.w.org\/{rel}","templated":true}]}}