{"id":2358,"date":"2021-10-06T08:26:40","date_gmt":"2021-10-06T06:26:40","guid":{"rendered":"http:\/\/www.wg-west.de\/?p=2358"},"modified":"2021-10-06T08:26:41","modified_gmt":"2021-10-06T06:26:41","slug":"kennenlerntag-2021-haus-des-waldes","status":"publish","type":"post","link":"https:\/\/www.wg-west.de\/de_ls\/2021\/10\/06\/kennenlerntag-2021-haus-des-waldes\/","title":{"rendered":"Kennenlerntag 2021: Haus des Waldes"},"content":{"rendered":"<p><em>Keje Kavak BK1\/1:<br><\/em>Zu Beginn des Schuljahres unternahmen alle BK1-Klassen einen Ausflug zum Haus des Waldes in Waldau. Das Wetter war ihnen wohl gesonnen und die Sonne schien. Die Klasse BK1\/1 traf sich um 8:30 Uhr am 24.09.2021 direkt an der Haltestelle in Waldau. Sie liefen einen f\u00fcnfzehnmin\u00fctigen Fu\u00dfweg gemeinsam. Die Sch\u00fclerinnen und Sch\u00fcler bekamen alle ein Namensschild. Da unsere Schule f\u00fcr ihr nachhaltiges Handeln bekannt ist, war es um so wichtiger f\u00fcr uns aus erster Hand zu erfahren wie tiefgreifend es ist umweltbewusst zu leben.<\/p>\n\n\n\n<p>Am Anfang spielten wir Kennenlernspiele. Wir stellten uns mit der Person zusammen mit der wir schon vor Einschulung in der Klasse BK1\/1 eine Bekanntschaft hatten. Danach stellten wir uns so hin wie wir wohnten, indem wir in der Mitte Taschen legten und dies sollte die Schule darstellen. Wir orientierten uns an den Himmelsrichtungen und somit konnten wir unser Wohnort beschreiben.<\/p>\n\n\n\n<p>Uns wurden auch Fragen beantwortet, wie zum Beispiel:<br>&#8211; Wie viele Setzlinge braucht es f\u00fcr einen Baum?<br>&#8211; Wie viele B\u00e4ume sind in einem Quadratmeter vorhanden?<br>&#8211; Woher kommen die Samen der B\u00e4ume?<\/p>\n\n\n\n<p>Da wir an einer kaufm\u00e4nnischen Schule sind, wurde uns die Aufgabe gegeben einen Blatt zu verkaufen. Es h\u00f6rt sich vielleicht komisch an, aber haben Sie schon einmal ein Blatt 10 Minuten lang gesucht, was f\u00fcr Sie geeignet war, um es zu verkaufen? Es sich gr\u00fcndlich angeschaut und versucht Fehler und Macken zu finden? Und haben Sie es probiert? Man sieht Blickwinkel, die man zuvor nie gesehen hat. Probieren Sie es doch mal aus.<\/p>\n\n\n\n<p>Um die Balance der Natur zu verstehen wickelten wir um uns herum ein Seil. Wir merkten nach den Versuchen schnell, dass es nie still bleiben w\u00fcrde,  wie der Wald. Es wird immer etwas anderes werden: der eine geht, der andere kommt. So ist es in der Natur nun einmal.<\/p>\n\n\n\n<p>Zum Schluss spielten wir ein Spiel. Die Herausforderung war das wir einen nat\u00fcrlichen Sinn nicht verwenden durften: unser Auge. Die Aufgabenstellung war mit so wenig Schritte wie m\u00f6glich Holzst\u00fccke zu holen, die auf der Fl\u00e4che verteilt waren. Doch wir Sch\u00fcler machten daraus eine Konkurrenz und bildeten drei Gruppen in der jeweils eine Person losgelaufen ist und das Holzst\u00fcck geholt hat. Aber dabei haben wir die Aufgabenstellung nicht wirklich beachtet. Als wie eine zweite Chance bekommen haben, wurde die Aufgabe etwas schwieriger. Wir mussten L\u00f6ffel finden, die in der Waldfl\u00e4che verteilt waren, indem wir der Person mit dem geschlossenen Auge den Weg lotsten. Wir hatten den Sch\u00fcler mit den l\u00e4ngsten Beinen gew\u00e4hlt und es dann auch geschafft die Aufgabe richtig zu l\u00f6sen.<\/p>\n\n\n\n<p>Zusammenfassend l\u00e4sst sich sagen, dass alle den Ausflug genossen haben und das wir die Gelegenheit hatten uns besser kennen zu lernen und als Klasse mehr zusammen zu wachsen.<\/p>","protected":false},"excerpt":{"rendered":"<p>Keje Kavak BK1\/1:Zu Beginn des Schuljahres unternahmen alle BK1-Klassen einen Ausflug zum Haus des Waldes in Waldau. Das Wetter war ihnen wohl gesonnen und die Sonne schien. Die Klasse BK1\/1&#8230;<\/p>","protected":false},"author":1,"featured_media":0,"comment_status":"closed","ping_status":"closed","sticky":false,"template":"","format":"standard","meta":{"footnotes":""},"categories":[1],"tags":[72,439,440,68,358,441],"class_list":{"0":"post-2358","1":"post","2":"type-post","3":"status-publish","4":"format-standard","6":"category-allgemein","7":"tag-berufskolleg","8":"tag-bk1-1","9":"tag-haus-des-waldes","10":"tag-impressionen","11":"tag-kennenlerntage","12":"tag-waldau"},"_links":{"self":[{"href":"https:\/\/www.wg-west.de\/de_ls\/wp-json\/wp\/v2\/posts\/2358","targetHints":{"allow":["GET"]}}],"collection":[{"href":"https:\/\/www.wg-west.de\/de_ls\/wp-json\/wp\/v2\/posts"}],"about":[{"href":"https:\/\/www.wg-west.de\/de_ls\/wp-json\/wp\/v2\/types\/post"}],"author":[{"embeddable":true,"href":"https:\/\/www.wg-west.de\/de_ls\/wp-json\/wp\/v2\/users\/1"}],"replies":[{"embeddable":true,"href":"https:\/\/www.wg-west.de\/de_ls\/wp-json\/wp\/v2\/comments?post=2358"}],"version-history":[{"count":1,"href":"https:\/\/www.wg-west.de\/de_ls\/wp-json\/wp\/v2\/posts\/2358\/revisions"}],"predecessor-version":[{"id":2359,"href":"https:\/\/www.wg-west.de\/de_ls\/wp-json\/wp\/v2\/posts\/2358\/revisions\/2359"}],"wp:attachment":[{"href":"https:\/\/www.wg-west.de\/de_ls\/wp-json\/wp\/v2\/media?parent=2358"}],"wp:term":[{"taxonomy":"category","embeddable":true,"href":"https:\/\/www.wg-west.de\/de_ls\/wp-json\/wp\/v2\/categories?post=2358"},{"taxonomy":"post_tag","embeddable":true,"href":"https:\/\/www.wg-west.de\/de_ls\/wp-json\/wp\/v2\/tags?post=2358"}],"curies":[{"name":"wp","href":"https:\/\/api.w.org\/{rel}","templated":true}]}}