{"id":2355,"date":"2021-10-06T07:34:20","date_gmt":"2021-10-06T05:34:20","guid":{"rendered":"http:\/\/www.wg-west.de\/?p=2355"},"modified":"2021-10-06T07:34:20","modified_gmt":"2021-10-06T05:34:20","slug":"impressionen-e4","status":"publish","type":"post","link":"https:\/\/www.wg-west.de\/de_ls\/2021\/10\/06\/impressionen-e4\/","title":{"rendered":"Impressionen E4"},"content":{"rendered":"<figure class=\"wp-block-image size-large\"><img loading=\"lazy\" decoding=\"async\" width=\"1024\" height=\"768\" src=\"http:\/\/www.wg-west.de\/cms\/wp-content\/uploads\/2021\/10\/E4_Klettergarten-1024x768.jpg\" alt=\"\" class=\"wp-image-2356\" srcset=\"https:\/\/www.wg-west.de\/cms\/wp-content\/uploads\/2021\/10\/E4_Klettergarten-1024x768.jpg 1024w, https:\/\/www.wg-west.de\/cms\/wp-content\/uploads\/2021\/10\/E4_Klettergarten-300x225.jpg 300w, https:\/\/www.wg-west.de\/cms\/wp-content\/uploads\/2021\/10\/E4_Klettergarten-768x576.jpg 768w, https:\/\/www.wg-west.de\/cms\/wp-content\/uploads\/2021\/10\/E4_Klettergarten-1536x1152.jpg 1536w, https:\/\/www.wg-west.de\/cms\/wp-content\/uploads\/2021\/10\/E4_Klettergarten-2048x1536.jpg 2048w\" sizes=\"auto, (max-width: 1024px) 100vw, 1024px\" \/><\/figure>\n\n\n\n<p>Im Rahmen der Kennenlerntage war die E4 im Waldklettergarten im Schmellbachtal. <br>Sch\u00f6n, dass solche Ausfl\u00fcge wieder m\u00f6glich sind!<\/p>","protected":false},"excerpt":{"rendered":"<p>Im Rahmen der Kennenlerntage war die E4 im Waldklettergarten im Schmellbachtal. Sch\u00f6n, dass solche Ausfl\u00fcge wieder m\u00f6glich sind!<\/p>","protected":false},"author":1,"featured_media":0,"comment_status":"closed","ping_status":"closed","sticky":false,"template":"","format":"standard","meta":{"footnotes":""},"categories":[1],"tags":[241,68,358,437,235,83],"class_list":{"0":"post-2355","1":"post","2":"type-post","3":"status-publish","4":"format-standard","6":"category-allgemein","7":"tag-e4","8":"tag-impressionen","9":"tag-kennenlerntage","10":"tag-klettergarte","11":"tag-schmellbachtal","12":"tag-wirtschaftsgymnasium"},"_links":{"self":[{"href":"https:\/\/www.wg-west.de\/de_ls\/wp-json\/wp\/v2\/posts\/2355","targetHints":{"allow":["GET"]}}],"collection":[{"href":"https:\/\/www.wg-west.de\/de_ls\/wp-json\/wp\/v2\/posts"}],"about":[{"href":"https:\/\/www.wg-west.de\/de_ls\/wp-json\/wp\/v2\/types\/post"}],"author":[{"embeddable":true,"href":"https:\/\/www.wg-west.de\/de_ls\/wp-json\/wp\/v2\/users\/1"}],"replies":[{"embeddable":true,"href":"https:\/\/www.wg-west.de\/de_ls\/wp-json\/wp\/v2\/comments?post=2355"}],"version-history":[{"count":1,"href":"https:\/\/www.wg-west.de\/de_ls\/wp-json\/wp\/v2\/posts\/2355\/revisions"}],"predecessor-version":[{"id":2357,"href":"https:\/\/www.wg-west.de\/de_ls\/wp-json\/wp\/v2\/posts\/2355\/revisions\/2357"}],"wp:attachment":[{"href":"https:\/\/www.wg-west.de\/de_ls\/wp-json\/wp\/v2\/media?parent=2355"}],"wp:term":[{"taxonomy":"category","embeddable":true,"href":"https:\/\/www.wg-west.de\/de_ls\/wp-json\/wp\/v2\/categories?post=2355"},{"taxonomy":"post_tag","embeddable":true,"href":"https:\/\/www.wg-west.de\/de_ls\/wp-json\/wp\/v2\/tags?post=2355"}],"curies":[{"name":"wp","href":"https:\/\/api.w.org\/{rel}","templated":true}]}}