{"id":2346,"date":"2021-10-01T19:21:53","date_gmt":"2021-10-01T17:21:53","guid":{"rendered":"http:\/\/www.wg-west.de\/?p=2346"},"modified":"2021-10-01T19:21:53","modified_gmt":"2021-10-01T17:21:53","slug":"fernlerntag-am-mittwoch-06-oktober","status":"publish","type":"post","link":"https:\/\/www.wg-west.de\/de_ls\/2021\/10\/01\/fernlerntag-am-mittwoch-06-oktober\/","title":{"rendered":"Fernlerntag am Mittwoch, 06. Oktober"},"content":{"rendered":"<figure class=\"wp-block-image size-large\"><img loading=\"lazy\" decoding=\"async\" width=\"1024\" height=\"683\" src=\"http:\/\/www.wg-west.de\/cms\/wp-content\/uploads\/2021\/10\/blogger-g730dc8553_1920-1024x683.jpg\" alt=\"\" class=\"wp-image-2347\" srcset=\"https:\/\/www.wg-west.de\/cms\/wp-content\/uploads\/2021\/10\/blogger-g730dc8553_1920-1024x683.jpg 1024w, https:\/\/www.wg-west.de\/cms\/wp-content\/uploads\/2021\/10\/blogger-g730dc8553_1920-300x200.jpg 300w, https:\/\/www.wg-west.de\/cms\/wp-content\/uploads\/2021\/10\/blogger-g730dc8553_1920-768x512.jpg 768w, https:\/\/www.wg-west.de\/cms\/wp-content\/uploads\/2021\/10\/blogger-g730dc8553_1920-1536x1024.jpg 1536w, https:\/\/www.wg-west.de\/cms\/wp-content\/uploads\/2021\/10\/blogger-g730dc8553_1920-900x600.jpg 900w, https:\/\/www.wg-west.de\/cms\/wp-content\/uploads\/2021\/10\/blogger-g730dc8553_1920.jpg 1920w\" sizes=\"auto, (max-width: 1024px) 100vw, 1024px\" \/><figcaption>Quelle: https:\/\/pixabay.com\/de\/photos\/bloggerin-mobiltelefon-b%c3%bcro-336371\/<\/figcaption><\/figure>\n\n\n\n<p>Wir sind froh, dass wir wieder in Pr\u00e4senz unterrichten d\u00fcrfen.\u00a0<br>Zur \u00dcbung, Vertiefung und Weiterentwicklung unserer digitalen Kompetenzen f\u00fchren wir am Mittwoch, 06. Oktober einen Fernlerntag durch. <br>An diesem Tag werden alle Klassen stundenplanm\u00e4\u00dfigen Fernlernunterricht haben! F\u00fcr die vielen neuen Sch\u00fcler:innen an unserer Schule ist dies die erste Begegnung mit unseren digitalen Instrumenten.<\/p>","protected":false},"excerpt":{"rendered":"<p>Wir sind froh, dass wir wieder in Pr\u00e4senz unterrichten d\u00fcrfen.\u00a0Zur \u00dcbung, Vertiefung und Weiterentwicklung unserer digitalen Kompetenzen f\u00fchren wir am Mittwoch, 06. Oktober einen Fernlerntag durch. An diesem Tag werden&#8230;<\/p>","protected":false},"author":1,"featured_media":0,"comment_status":"closed","ping_status":"closed","sticky":false,"template":"","format":"standard","meta":{"footnotes":""},"categories":[1],"tags":[],"class_list":{"0":"post-2346","1":"post","2":"type-post","3":"status-publish","4":"format-standard","6":"category-allgemein"},"_links":{"self":[{"href":"https:\/\/www.wg-west.de\/de_ls\/wp-json\/wp\/v2\/posts\/2346","targetHints":{"allow":["GET"]}}],"collection":[{"href":"https:\/\/www.wg-west.de\/de_ls\/wp-json\/wp\/v2\/posts"}],"about":[{"href":"https:\/\/www.wg-west.de\/de_ls\/wp-json\/wp\/v2\/types\/post"}],"author":[{"embeddable":true,"href":"https:\/\/www.wg-west.de\/de_ls\/wp-json\/wp\/v2\/users\/1"}],"replies":[{"embeddable":true,"href":"https:\/\/www.wg-west.de\/de_ls\/wp-json\/wp\/v2\/comments?post=2346"}],"version-history":[{"count":1,"href":"https:\/\/www.wg-west.de\/de_ls\/wp-json\/wp\/v2\/posts\/2346\/revisions"}],"predecessor-version":[{"id":2348,"href":"https:\/\/www.wg-west.de\/de_ls\/wp-json\/wp\/v2\/posts\/2346\/revisions\/2348"}],"wp:attachment":[{"href":"https:\/\/www.wg-west.de\/de_ls\/wp-json\/wp\/v2\/media?parent=2346"}],"wp:term":[{"taxonomy":"category","embeddable":true,"href":"https:\/\/www.wg-west.de\/de_ls\/wp-json\/wp\/v2\/categories?post=2346"},{"taxonomy":"post_tag","embeddable":true,"href":"https:\/\/www.wg-west.de\/de_ls\/wp-json\/wp\/v2\/tags?post=2346"}],"curies":[{"name":"wp","href":"https:\/\/api.w.org\/{rel}","templated":true}]}}