{"id":2309,"date":"2021-07-27T19:24:13","date_gmt":"2021-07-27T17:24:13","guid":{"rendered":"http:\/\/www.wg-west.de\/?p=2309"},"modified":"2021-09-10T12:34:17","modified_gmt":"2021-09-10T10:34:17","slug":"erster-schultag-am-13-09-2021","status":"publish","type":"post","link":"https:\/\/www.wg-west.de\/de_ls\/2021\/07\/27\/erster-schultag-am-13-09-2021\/","title":{"rendered":"Erster Schultag am 13.09.2021"},"content":{"rendered":"<figure class=\"wp-block-image size-large\"><img loading=\"lazy\" decoding=\"async\" width=\"1024\" height=\"682\" src=\"http:\/\/www.wg-west.de\/cms\/wp-content\/uploads\/2021\/07\/einschulung_cc-by-20-1024x682.jpg\" alt=\"\" class=\"wp-image-2310\" srcset=\"https:\/\/www.wg-west.de\/cms\/wp-content\/uploads\/2021\/07\/einschulung_cc-by-20-1024x682.jpg 1024w, https:\/\/www.wg-west.de\/cms\/wp-content\/uploads\/2021\/07\/einschulung_cc-by-20-300x200.jpg 300w, https:\/\/www.wg-west.de\/cms\/wp-content\/uploads\/2021\/07\/einschulung_cc-by-20-768x512.jpg 768w, https:\/\/www.wg-west.de\/cms\/wp-content\/uploads\/2021\/07\/einschulung_cc-by-20-1536x1024.jpg 1536w, https:\/\/www.wg-west.de\/cms\/wp-content\/uploads\/2021\/07\/einschulung_cc-by-20-2048x1365.jpg 2048w, https:\/\/www.wg-west.de\/cms\/wp-content\/uploads\/2021\/07\/einschulung_cc-by-20-900x600.jpg 900w\" sizes=\"auto, (max-width: 1024px) 100vw, 1024px\" \/><figcaption>Lizenzgeber: Tim Reckmann, Titel: Einschulung, ID auf ccnull.de: 1004593<\/figcaption><\/figure>\n\n\n\n<p>Wirtschaftsschule 1:<br>9.30 \u2013 ca. 13 Uhr: Einschulung der neuen WS1-Klassen in den Klassenzimmern zusammen mit dem Klassenlehrer: Start in das Schulleben am WG West ggf. Fachunterricht durch den Klassenlehrer<br>WS1\/1 (Tablet): Raum 202<br>WS1\/2: Raum 102<br>WS1\/3: Raum 104<\/p>\n\n\n\n<p>Wirtschaftsschule 2:<br>9.40 \u2013 ca. 13.20 Uhr: Wiederankommen nach den Ferien, Start in das neue Schuljahr mit dem Klassenlehrern, ggf. Fachunterricht durch den Klassenlehrer<br>WS2\/1 (Tablet): Raum 201<br>WS2\/2: Raum 101<\/p>\n\n\n\n<p>BK1:<br>10.15 \u2013 ca. 14 Uhr: Einschulung der neuen BK1 Klassen in den Klassenzimmern zusammen mit dem Klassenlehrer:  Start in das Schulleben am WG West ggf. Fachunterricht durch den Klassenlehrer<br>BK1\/1: Raum 308<br>BK1\/2: Raum 302<br>BK1\/3: Raum 301<br>BK1\/4: Pavillon im Schulhof<br>BK1\/5: Raum 110<\/p>\n\n\n\n<p>BK2:<br>8:45 \u2013 ca. 12.15 Uhr: Einschulung der neuen Klassen in den Klassenzimmern zusammen mit dem Klassenlehrer: Start in das neue Schuljahr ggf. Fachunterricht durch den Klassenlehrer<br>BK2\/1: Raum 203<br>BK2\/2: Raum 401<br>BK2\/3: Raum 407<\/p>\n\n\n\n<p>Eingangsklasse Wirtschaftsgymnasium:<br>9.30 \u2013 ca. 13 Uhr: Aufnahmefeier f\u00fcr neue Klassen in der Aula, anschlie\u00dfend gemeinsam mit dem Klassenlehrer: Start in das neue Schuljahr ggf. Fachunterricht durch den Klassenlehrer<\/p>\n\n\n\n<p>JG1:<br>9.40 \u2013 ca. 13 Uhr: Wiederankommen nach den Ferien, Start in das neue Schuljahr mit dem Klassenlehrer, ggf. Fachunterricht durch den Klassenlehrer<br>JG1\/1: Raum 312<br>JG1\/2: Raum 310<br>JG1\/3: Raum 204<br>JG1\/4: Raum 309<\/p>\n\n\n\n<p>JG2:<br>9:40 \u2013 ca. 13 Uhr: Wiederankommen nach den Ferien, Start in das neue Schuljahr mit dem Klassenlehrer, ggf. Fachunterricht durch den Klassenlehrer<br>JG2\/1: Raum 103<br>JG2\/2: Raum 010<br>JG2\/3: Raum 405<br>JG2\/4: Raum 4-330 (im Geb\u00e4ude der KS1: unser 4. Stock, direkt hinter der Glast\u00fcre und die Zwischent\u00fcr ist ge\u00f6ffnet)<\/p>","protected":false},"excerpt":{"rendered":"<p>Wirtschaftsschule 1:9.30 \u2013 ca. 13 Uhr: Einschulung der neuen WS1-Klassen in den Klassenzimmern zusammen mit dem Klassenlehrer: Start in das Schulleben am WG West ggf. Fachunterricht durch den KlassenlehrerWS1\/1 (Tablet):&#8230;<\/p>","protected":false},"author":1,"featured_media":0,"comment_status":"closed","ping_status":"closed","sticky":false,"template":"","format":"standard","meta":{"footnotes":""},"categories":[1],"tags":[431,430,344,429],"class_list":{"0":"post-2309","1":"post","2":"type-post","3":"status-publish","4":"format-standard","6":"category-allgemein","7":"tag-aufnahmefeier","8":"tag-einschlung","9":"tag-erster-schultag","10":"tag-wiederankommen"},"_links":{"self":[{"href":"https:\/\/www.wg-west.de\/de_ls\/wp-json\/wp\/v2\/posts\/2309","targetHints":{"allow":["GET"]}}],"collection":[{"href":"https:\/\/www.wg-west.de\/de_ls\/wp-json\/wp\/v2\/posts"}],"about":[{"href":"https:\/\/www.wg-west.de\/de_ls\/wp-json\/wp\/v2\/types\/post"}],"author":[{"embeddable":true,"href":"https:\/\/www.wg-west.de\/de_ls\/wp-json\/wp\/v2\/users\/1"}],"replies":[{"embeddable":true,"href":"https:\/\/www.wg-west.de\/de_ls\/wp-json\/wp\/v2\/comments?post=2309"}],"version-history":[{"count":2,"href":"https:\/\/www.wg-west.de\/de_ls\/wp-json\/wp\/v2\/posts\/2309\/revisions"}],"predecessor-version":[{"id":2329,"href":"https:\/\/www.wg-west.de\/de_ls\/wp-json\/wp\/v2\/posts\/2309\/revisions\/2329"}],"wp:attachment":[{"href":"https:\/\/www.wg-west.de\/de_ls\/wp-json\/wp\/v2\/media?parent=2309"}],"wp:term":[{"taxonomy":"category","embeddable":true,"href":"https:\/\/www.wg-west.de\/de_ls\/wp-json\/wp\/v2\/categories?post=2309"},{"taxonomy":"post_tag","embeddable":true,"href":"https:\/\/www.wg-west.de\/de_ls\/wp-json\/wp\/v2\/tags?post=2309"}],"curies":[{"name":"wp","href":"https:\/\/api.w.org\/{rel}","templated":true}]}}