{"id":2258,"date":"2021-06-09T17:53:39","date_gmt":"2021-06-09T15:53:39","guid":{"rendered":"http:\/\/www.wg-west.de\/?p=2258"},"modified":"2021-06-09T17:53:39","modified_gmt":"2021-06-09T15:53:39","slug":"aktuelles-am-wg-west","status":"publish","type":"post","link":"https:\/\/www.wg-west.de\/de_ls\/2021\/06\/09\/aktuelles-am-wg-west\/","title":{"rendered":"Aktuelles am WG West:"},"content":{"rendered":"<figure class=\"wp-block-image size-large\"><img loading=\"lazy\" decoding=\"async\" width=\"418\" height=\"154\" src=\"http:\/\/www.wg-west.de\/cms\/wp-content\/uploads\/2021\/06\/Schule-ohne-Rassismus.png\" alt=\"\" class=\"wp-image-2259\" srcset=\"https:\/\/www.wg-west.de\/cms\/wp-content\/uploads\/2021\/06\/Schule-ohne-Rassismus.png 418w, https:\/\/www.wg-west.de\/cms\/wp-content\/uploads\/2021\/06\/Schule-ohne-Rassismus-300x111.png 300w\" sizes=\"auto, (max-width: 418px) 100vw, 418px\" \/><\/figure>\n\n\n\n<p>Das WG-West m\u00f6chte sich daf\u00fcr einsetzten, eine Schule ohne Rassismus und Courage zu werden.&nbsp;<\/p>\n\n\n\n<p>Das hei\u00dft nicht, es&nbsp;g\u00e4be&nbsp;in Zukunft keinerlei Diskriminierungen&nbsp;am WG-West! Das w\u00e4re eine Wunschvorstellung&nbsp;und&nbsp;entspr\u00e4che nicht der Realit\u00e4t.&nbsp;&nbsp;<\/p>\n\n\n\n<p>Es ist jedoch wichtig, sich aktiv mit dem Thema auseinanderzusetzen, um sensibler damit umzugehen und auch Gegenma\u00dfnahmen zu ergreifen.&nbsp; Wissen ist die gr\u00f6\u00dfte Macht, um Vorurteilen entgegenzuwirken!&nbsp;<\/p>\n\n\n\n<p>Dazu hat das WG-West Ben Salomo, einen&nbsp;Berliner Rapper mit j\u00fcdischen&nbsp;Wurzeln&nbsp;eingeladen um mit ihm \u00fcber das Thema Antisemitismus zu sprechen.&nbsp;<\/p>\n\n\n\n<p>(Weitere Infos:\u00a0<a href=\"https:\/\/www.schule-ohne-rassismus.org\/mitmachen\/courage-schule-werden\/\" target=\"_blank\" rel=\"noreferrer noopener\">So werdet ihr eine Schule ohne Rassismus \u2013 Schule mit Courage &#8211; Schule ohne Rassismus (schule-ohne-rassismus.org)<\/a>\u00a0<a rel=\"noreferrer noopener\" href=\"http:\/\/www.bensalomo.de\/\" target=\"_blank\">Ben Salomo<\/a>)\u00a0<\/p>","protected":false},"excerpt":{"rendered":"<p>Das WG-West m\u00f6chte sich daf\u00fcr einsetzten, eine Schule ohne Rassismus und Courage zu werden.&nbsp; Das hei\u00dft nicht, es&nbsp;g\u00e4be&nbsp;in Zukunft keinerlei Diskriminierungen&nbsp;am WG-West! Das w\u00e4re eine Wunschvorstellung&nbsp;und&nbsp;entspr\u00e4che nicht der Realit\u00e4t.&nbsp;&nbsp; Es&#8230;<\/p>","protected":false},"author":1,"featured_media":0,"comment_status":"closed","ping_status":"closed","sticky":false,"template":"","format":"standard","meta":{"footnotes":""},"categories":[1],"tags":[415,414,413,412,411],"class_list":{"0":"post-2258","1":"post","2":"type-post","3":"status-publish","4":"format-standard","6":"category-allgemein","7":"tag-antisemitismus","8":"tag-ben-salomo","9":"tag-diskriminierung","10":"tag-schule-mit-courage","11":"tag-schule-ohne-rassismus"},"_links":{"self":[{"href":"https:\/\/www.wg-west.de\/de_ls\/wp-json\/wp\/v2\/posts\/2258","targetHints":{"allow":["GET"]}}],"collection":[{"href":"https:\/\/www.wg-west.de\/de_ls\/wp-json\/wp\/v2\/posts"}],"about":[{"href":"https:\/\/www.wg-west.de\/de_ls\/wp-json\/wp\/v2\/types\/post"}],"author":[{"embeddable":true,"href":"https:\/\/www.wg-west.de\/de_ls\/wp-json\/wp\/v2\/users\/1"}],"replies":[{"embeddable":true,"href":"https:\/\/www.wg-west.de\/de_ls\/wp-json\/wp\/v2\/comments?post=2258"}],"version-history":[{"count":1,"href":"https:\/\/www.wg-west.de\/de_ls\/wp-json\/wp\/v2\/posts\/2258\/revisions"}],"predecessor-version":[{"id":2260,"href":"https:\/\/www.wg-west.de\/de_ls\/wp-json\/wp\/v2\/posts\/2258\/revisions\/2260"}],"wp:attachment":[{"href":"https:\/\/www.wg-west.de\/de_ls\/wp-json\/wp\/v2\/media?parent=2258"}],"wp:term":[{"taxonomy":"category","embeddable":true,"href":"https:\/\/www.wg-west.de\/de_ls\/wp-json\/wp\/v2\/categories?post=2258"},{"taxonomy":"post_tag","embeddable":true,"href":"https:\/\/www.wg-west.de\/de_ls\/wp-json\/wp\/v2\/tags?post=2258"}],"curies":[{"name":"wp","href":"https:\/\/api.w.org\/{rel}","templated":true}]}}