{"id":2238,"date":"2021-05-02T11:09:40","date_gmt":"2021-05-02T09:09:40","guid":{"rendered":"http:\/\/www.wg-west.de\/?p=2238"},"modified":"2021-05-02T11:09:40","modified_gmt":"2021-05-02T09:09:40","slug":"praesenzunterricht-ab-dem-03-05-2021","status":"publish","type":"post","link":"https:\/\/www.wg-west.de\/de_ls\/2021\/05\/02\/praesenzunterricht-ab-dem-03-05-2021\/","title":{"rendered":"Pr\u00e4senzunterricht ab dem 03.05.2021"},"content":{"rendered":"<p>angesichts der hohen Infektionszahlen in Stuttgart werden wir in der kommenden Woche weiterhin auf eine weitere \u00d6ffnung der Schule verzichten. Es werden weiterhin <strong>nur Pr\u00fcfungsklasssen in Pr\u00e4senz sein und es k\u00f6nnen Klassenarbeiten<\/strong> geschrieben werden. Konkret bedeutet das: <br><br>BK 2 ist von Montag &#8211; Donnerstag (03.05. &#8211; 06.05.) in der Schule<br>JG1 ist am Montag, den 03.05.2021 und Mittwoch bis Freitag (05.05. &#8211; 07.05.2021) in der Schule<br><\/p>","protected":false},"excerpt":{"rendered":"<p>angesichts der hohen Infektionszahlen in Stuttgart werden wir in der kommenden Woche weiterhin auf eine weitere \u00d6ffnung der Schule verzichten. Es werden weiterhin nur Pr\u00fcfungsklasssen in Pr\u00e4senz sein und es&#8230;<\/p>","protected":false},"author":1,"featured_media":0,"comment_status":"closed","ping_status":"closed","sticky":false,"template":"","format":"standard","meta":{"footnotes":""},"categories":[1],"tags":[313,406,382,318],"class_list":{"0":"post-2238","1":"post","2":"type-post","3":"status-publish","4":"format-standard","6":"category-allgemein","7":"tag-corona","8":"tag-hohe-infektionszahlen","9":"tag-klassenarbeiten","10":"tag-praesenzunterricht"},"_links":{"self":[{"href":"https:\/\/www.wg-west.de\/de_ls\/wp-json\/wp\/v2\/posts\/2238","targetHints":{"allow":["GET"]}}],"collection":[{"href":"https:\/\/www.wg-west.de\/de_ls\/wp-json\/wp\/v2\/posts"}],"about":[{"href":"https:\/\/www.wg-west.de\/de_ls\/wp-json\/wp\/v2\/types\/post"}],"author":[{"embeddable":true,"href":"https:\/\/www.wg-west.de\/de_ls\/wp-json\/wp\/v2\/users\/1"}],"replies":[{"embeddable":true,"href":"https:\/\/www.wg-west.de\/de_ls\/wp-json\/wp\/v2\/comments?post=2238"}],"version-history":[{"count":1,"href":"https:\/\/www.wg-west.de\/de_ls\/wp-json\/wp\/v2\/posts\/2238\/revisions"}],"predecessor-version":[{"id":2239,"href":"https:\/\/www.wg-west.de\/de_ls\/wp-json\/wp\/v2\/posts\/2238\/revisions\/2239"}],"wp:attachment":[{"href":"https:\/\/www.wg-west.de\/de_ls\/wp-json\/wp\/v2\/media?parent=2238"}],"wp:term":[{"taxonomy":"category","embeddable":true,"href":"https:\/\/www.wg-west.de\/de_ls\/wp-json\/wp\/v2\/categories?post=2238"},{"taxonomy":"post_tag","embeddable":true,"href":"https:\/\/www.wg-west.de\/de_ls\/wp-json\/wp\/v2\/tags?post=2238"}],"curies":[{"name":"wp","href":"https:\/\/api.w.org\/{rel}","templated":true}]}}