{"id":2233,"date":"2021-05-02T11:01:22","date_gmt":"2021-05-02T09:01:22","guid":{"rendered":"http:\/\/www.wg-west.de\/?p=2233"},"modified":"2021-05-11T08:16:35","modified_gmt":"2021-05-11T06:16:35","slug":"abschlusspruefungen-ws-bk","status":"publish","type":"post","link":"https:\/\/www.wg-west.de\/de_ls\/2021\/05\/02\/abschlusspruefungen-ws-bk\/","title":{"rendered":"Abschlusspr\u00fcfungen WS\/BK"},"content":{"rendered":"<p>Am Mittwoch, den 12. Mai 2021 starten die Abschlusspr\u00fcfungen der Berufsfachschule (Bildungsziel: mittlere Reife) und des Berufskollegs II (Bildungsziel: Fachhochschulreife). Bis zum 16. Juni m\u00fcssen die Pr\u00fcfungsteilnehmer \u00fcber den Pr\u00fcfungsarbeiten schwitzen. Wir w\u00fcnschen allen Sch\u00fclerinnen und Sch\u00fclern in dieser anstrengenden Zeit viel Erfolg, gute Konzentration und starke Nerven. Wir glauben an Euch, ihr schafft das!<\/p>\n\n\n\n<p><strong>WS2<\/strong><br>Mittwoch, 12.05.2021 Berufspraktische Kompetenz (TV) 8.30 &#8211; 10.45 Uhr<br>Montag, 17.05.2021 Deutsch von 8.30 \u2013 12.00 Uhr<br>Dienstag, 18.05.2021 Berufsfachliche Kompetenz (BWL) 8.30 &#8211; 12.40 Uhr<br>Donnerstag, 20.05.2021 Englisch 8.30 &#8211; 11.30 Uhr<br>Freitag, 21.05.2021 Mathematik 8.30 &#8211; 11.00 Uhr<br>Die Pr\u00fcflinge m\u00fcssen sp\u00e4testens 20 Minuten vor Pr\u00fcfungsbeginn im Pr\u00fcfungsraum (siehe Aushang) sein.<\/p>\n\n\n\n<p><strong>BK2<\/strong><br>Freitag, 21.05.2021 Deutsch 8.30 \u2013 13.00 Uhr<br>Dienstag, 08.06.2021 BWL 8.30 &#8211; 12.00 Uhr<br>Mittwoch, 11.06.2021 Englisch 8.30 \u2013 12.40 Uhr<br>Montag, 14.06.2021 Mathematik 8.30 &#8211; 12.20 Uhr<br>Dienstag, 15.06.2021 B\u00fcromanagement 8.30 &#8211; 11.15 Uhr<br>Dienstag, 15.06.2021 \u00dcbungsfirma 8.30 &#8211; 11.15 Uhr<br>Mittwoch, 16.06.2021 Wirtschaft 8.30 &#8211; 10.15 Uhr<br>Die Pr\u00fcflinge m\u00fcssen sp\u00e4testens 20 Minuten vor Pr\u00fcfungsbeginn im Pr\u00fcfungsraum (siehe Aushang) sein.<\/p>\n\n\n\n<p><strong>BK1<\/strong><br>Dienstag, 29.06.2021 zentrale Klassenarbeit 8.30 \u2013 10.45 Uhr<br>Die Pr\u00fcflinge m\u00fcssen sp\u00e4testens 20 Minuten vor Pr\u00fcfungsbeginn im Pr\u00fcfungsraum (siehe Aushang) sein.<\/p>","protected":false},"excerpt":{"rendered":"<p>Am Mittwoch, den 12. Mai 2021 starten die Abschlusspr\u00fcfungen der Berufsfachschule (Bildungsziel: mittlere Reife) und des Berufskollegs II (Bildungsziel: Fachhochschulreife). Bis zum 16. Juni m\u00fcssen die Pr\u00fcfungsteilnehmer \u00fcber den Pr\u00fcfungsarbeiten&#8230;<\/p>","protected":false},"author":1,"featured_media":0,"comment_status":"closed","ping_status":"closed","sticky":false,"template":"","format":"standard","meta":{"footnotes":""},"categories":[1],"tags":[139,75,72,84,63,404,52,149],"class_list":{"0":"post-2233","1":"post","2":"type-post","3":"status-publish","4":"format-standard","6":"category-allgemein","7":"tag-abschlusspruefung","8":"tag-berufsfachschule","9":"tag-berufskolleg","10":"tag-bk1","11":"tag-bk2","12":"tag-termine","13":"tag-wirtschaftsschule","14":"tag-ws2"},"_links":{"self":[{"href":"https:\/\/www.wg-west.de\/de_ls\/wp-json\/wp\/v2\/posts\/2233","targetHints":{"allow":["GET"]}}],"collection":[{"href":"https:\/\/www.wg-west.de\/de_ls\/wp-json\/wp\/v2\/posts"}],"about":[{"href":"https:\/\/www.wg-west.de\/de_ls\/wp-json\/wp\/v2\/types\/post"}],"author":[{"embeddable":true,"href":"https:\/\/www.wg-west.de\/de_ls\/wp-json\/wp\/v2\/users\/1"}],"replies":[{"embeddable":true,"href":"https:\/\/www.wg-west.de\/de_ls\/wp-json\/wp\/v2\/comments?post=2233"}],"version-history":[{"count":2,"href":"https:\/\/www.wg-west.de\/de_ls\/wp-json\/wp\/v2\/posts\/2233\/revisions"}],"predecessor-version":[{"id":2247,"href":"https:\/\/www.wg-west.de\/de_ls\/wp-json\/wp\/v2\/posts\/2233\/revisions\/2247"}],"wp:attachment":[{"href":"https:\/\/www.wg-west.de\/de_ls\/wp-json\/wp\/v2\/media?parent=2233"}],"wp:term":[{"taxonomy":"category","embeddable":true,"href":"https:\/\/www.wg-west.de\/de_ls\/wp-json\/wp\/v2\/categories?post=2233"},{"taxonomy":"post_tag","embeddable":true,"href":"https:\/\/www.wg-west.de\/de_ls\/wp-json\/wp\/v2\/tags?post=2233"}],"curies":[{"name":"wp","href":"https:\/\/api.w.org\/{rel}","templated":true}]}}