{"id":2184,"date":"2021-02-13T11:31:59","date_gmt":"2021-02-13T10:31:59","guid":{"rendered":"http:\/\/www.wg-west.de\/?p=2184"},"modified":"2021-02-13T11:32:00","modified_gmt":"2021-02-13T10:32:00","slug":"schulbetrieb-nach-den-faschingsferien","status":"publish","type":"post","link":"https:\/\/www.wg-west.de\/de_ls\/2021\/02\/13\/schulbetrieb-nach-den-faschingsferien\/","title":{"rendered":"Schulbetrieb nach den Faschingsferien:"},"content":{"rendered":"<p>In der Woche vom 22.02. bis zum 26.02. wird es weiterhin stundenplanm\u00e4\u00dfigen Fernlernunterricht geben.\u00a0<\/p>\n\n\n\n<p><br>In der Woche vom <strong>01. 03 bis zum 05.03<\/strong> werden die Klassen <strong>JG 2 und WS 2 <\/strong>stundenplanm\u00e4\u00dfigen Pr\u00e4senzunterricht haben.\u00a0<br><\/p>\n\n\n\n<p>In der Woche vom <strong>08.03 bis zum 12.03<\/strong> werden die Klassen <strong>JG 1 und BK 2 <\/strong>stundenplanm\u00e4\u00dfigen Pr\u00e4senzunterricht haben.\u00a0<\/p>","protected":false},"excerpt":{"rendered":"<p>In der Woche vom 22.02. bis zum 26.02. wird es weiterhin stundenplanm\u00e4\u00dfigen Fernlernunterricht geben.\u00a0 In der Woche vom 01. 03 bis zum 05.03 werden die Klassen JG 2 und WS&#8230;<\/p>","protected":false},"author":1,"featured_media":0,"comment_status":"closed","ping_status":"closed","sticky":false,"template":"","format":"standard","meta":{"footnotes":""},"categories":[1],"tags":[387,318,386],"class_list":{"0":"post-2184","1":"post","2":"type-post","3":"status-publish","4":"format-standard","6":"category-allgemein","7":"tag-faschingsferien","8":"tag-praesenzunterricht","9":"tag-schulbetrieb"},"_links":{"self":[{"href":"https:\/\/www.wg-west.de\/de_ls\/wp-json\/wp\/v2\/posts\/2184","targetHints":{"allow":["GET"]}}],"collection":[{"href":"https:\/\/www.wg-west.de\/de_ls\/wp-json\/wp\/v2\/posts"}],"about":[{"href":"https:\/\/www.wg-west.de\/de_ls\/wp-json\/wp\/v2\/types\/post"}],"author":[{"embeddable":true,"href":"https:\/\/www.wg-west.de\/de_ls\/wp-json\/wp\/v2\/users\/1"}],"replies":[{"embeddable":true,"href":"https:\/\/www.wg-west.de\/de_ls\/wp-json\/wp\/v2\/comments?post=2184"}],"version-history":[{"count":1,"href":"https:\/\/www.wg-west.de\/de_ls\/wp-json\/wp\/v2\/posts\/2184\/revisions"}],"predecessor-version":[{"id":2185,"href":"https:\/\/www.wg-west.de\/de_ls\/wp-json\/wp\/v2\/posts\/2184\/revisions\/2185"}],"wp:attachment":[{"href":"https:\/\/www.wg-west.de\/de_ls\/wp-json\/wp\/v2\/media?parent=2184"}],"wp:term":[{"taxonomy":"category","embeddable":true,"href":"https:\/\/www.wg-west.de\/de_ls\/wp-json\/wp\/v2\/categories?post=2184"},{"taxonomy":"post_tag","embeddable":true,"href":"https:\/\/www.wg-west.de\/de_ls\/wp-json\/wp\/v2\/tags?post=2184"}],"curies":[{"name":"wp","href":"https:\/\/api.w.org\/{rel}","templated":true}]}}