{"id":2041,"date":"2020-10-12T16:09:19","date_gmt":"2020-10-12T14:09:19","guid":{"rendered":"http:\/\/www.wg-west.de\/?p=2041"},"modified":"2020-10-13T08:04:52","modified_gmt":"2020-10-13T06:04:52","slug":"corona-update","status":"publish","type":"post","link":"https:\/\/www.wg-west.de\/de_ls\/2020\/10\/12\/corona-update\/","title":{"rendered":"!!! Corona-Update !!!"},"content":{"rendered":"<figure class=\"wp-block-image size-large\"><img loading=\"lazy\" decoding=\"async\" width=\"238\" height=\"119\" src=\"http:\/\/www.wg-west.de\/cms\/wp-content\/uploads\/2020\/10\/Anku\u0308ndigung.jpeg\" alt=\"\" class=\"wp-image-2043\"\/><\/figure>\n\n\n\n<p><strong>Ab Mittwoch, 14. Oktober 2020<\/strong> besteht f\u00fcr alle Sch\u00fclerinnen und Sch\u00fcler <strong>auch im Unterricht Maskenpflicht<\/strong>. Die Stadt Stuttgart hat unter anderem mit dieser Ma\u00dfnahme auf das Infektionsgeschehen im Stadtgebiet reagiert.<\/p>","protected":false},"excerpt":{"rendered":"<p>Ab Mittwoch, 14. Oktober 2020 besteht f\u00fcr alle Sch\u00fclerinnen und Sch\u00fcler auch im Unterricht Maskenpflicht. Die Stadt Stuttgart hat unter anderem mit dieser Ma\u00dfnahme auf das Infektionsgeschehen im Stadtgebiet reagiert.<\/p>","protected":false},"author":1,"featured_media":0,"comment_status":"closed","ping_status":"closed","sticky":false,"template":"","format":"standard","meta":{"footnotes":""},"categories":[1],"tags":[313,361,363,362],"class_list":{"0":"post-2041","1":"post","2":"type-post","3":"status-publish","4":"format-standard","6":"category-allgemein","7":"tag-corona","8":"tag-maskenpflicht","9":"tag-stadt-stuttgart","10":"tag-update"},"_links":{"self":[{"href":"https:\/\/www.wg-west.de\/de_ls\/wp-json\/wp\/v2\/posts\/2041","targetHints":{"allow":["GET"]}}],"collection":[{"href":"https:\/\/www.wg-west.de\/de_ls\/wp-json\/wp\/v2\/posts"}],"about":[{"href":"https:\/\/www.wg-west.de\/de_ls\/wp-json\/wp\/v2\/types\/post"}],"author":[{"embeddable":true,"href":"https:\/\/www.wg-west.de\/de_ls\/wp-json\/wp\/v2\/users\/1"}],"replies":[{"embeddable":true,"href":"https:\/\/www.wg-west.de\/de_ls\/wp-json\/wp\/v2\/comments?post=2041"}],"version-history":[{"count":2,"href":"https:\/\/www.wg-west.de\/de_ls\/wp-json\/wp\/v2\/posts\/2041\/revisions"}],"predecessor-version":[{"id":2044,"href":"https:\/\/www.wg-west.de\/de_ls\/wp-json\/wp\/v2\/posts\/2041\/revisions\/2044"}],"wp:attachment":[{"href":"https:\/\/www.wg-west.de\/de_ls\/wp-json\/wp\/v2\/media?parent=2041"}],"wp:term":[{"taxonomy":"category","embeddable":true,"href":"https:\/\/www.wg-west.de\/de_ls\/wp-json\/wp\/v2\/categories?post=2041"},{"taxonomy":"post_tag","embeddable":true,"href":"https:\/\/www.wg-west.de\/de_ls\/wp-json\/wp\/v2\/tags?post=2041"}],"curies":[{"name":"wp","href":"https:\/\/api.w.org\/{rel}","templated":true}]}}