{"id":2002,"date":"2020-09-17T08:00:37","date_gmt":"2020-09-17T06:00:37","guid":{"rendered":"http:\/\/www.wg-west.de\/?p=2002"},"modified":"2020-09-17T08:00:38","modified_gmt":"2020-09-17T06:00:38","slug":"einfuehrungstage-wg-e-klassen","status":"publish","type":"post","link":"https:\/\/www.wg-west.de\/de_ls\/2020\/09\/17\/einfuehrungstage-wg-e-klassen\/","title":{"rendered":"Einf\u00fchrungstage WG E-Klassen"},"content":{"rendered":"<figure class=\"wp-block-image size-large\"><img loading=\"lazy\" decoding=\"async\" width=\"680\" height=\"1024\" src=\"http:\/\/www.wg-west.de\/cms\/wp-content\/uploads\/2020\/09\/frank-eiffert-wkHLXPvwTAA-unsplash-680x1024.jpg\" alt=\"\" class=\"wp-image-2003\" srcset=\"https:\/\/www.wg-west.de\/cms\/wp-content\/uploads\/2020\/09\/frank-eiffert-wkHLXPvwTAA-unsplash-680x1024.jpg 680w, https:\/\/www.wg-west.de\/cms\/wp-content\/uploads\/2020\/09\/frank-eiffert-wkHLXPvwTAA-unsplash-199x300.jpg 199w, https:\/\/www.wg-west.de\/cms\/wp-content\/uploads\/2020\/09\/frank-eiffert-wkHLXPvwTAA-unsplash-768x1156.jpg 768w, https:\/\/www.wg-west.de\/cms\/wp-content\/uploads\/2020\/09\/frank-eiffert-wkHLXPvwTAA-unsplash-1020x1536.jpg 1020w, https:\/\/www.wg-west.de\/cms\/wp-content\/uploads\/2020\/09\/frank-eiffert-wkHLXPvwTAA-unsplash-1360x2048.jpg 1360w, https:\/\/www.wg-west.de\/cms\/wp-content\/uploads\/2020\/09\/frank-eiffert-wkHLXPvwTAA-unsplash-scaled.jpg 1700w\" sizes=\"auto, (max-width: 680px) 100vw, 680px\" \/><figcaption>wghttps:\/\/unsplash.com\/photos\/PGnqT0rXWLs<\/figcaption><\/figure>\n\n\n\n<p>Die Einf\u00fchrungstage in der Eingangsklasse finden am 21. und 22.09.2020 statt. An einem der beiden Tagen geht es f\u00fcr die Eingangsklasse in den Klettergarten im Schmellbachtal. Zus\u00e4tzlich zum Hochseilgartenparcour finden weitere Interaktionspiele statt, um Teamarbeit und Zusammenhalt zu f\u00f6rdern und den Klassenverband zu st\u00e4rken, wobei stets der Spa\u00df im Vordergrund steht. An dem anderen Tag findet der Workshop unter Leitung des Theaterp\u00e4dagogen Till Schneidenbach statt.<\/p>","protected":false},"excerpt":{"rendered":"<p>Die Einf\u00fchrungstage in der Eingangsklasse finden am 21. und 22.09.2020 statt. An einem der beiden Tagen geht es f\u00fcr die Eingangsklasse in den Klettergarten im Schmellbachtal. Zus\u00e4tzlich zum Hochseilgartenparcour finden&#8230;<\/p>","protected":false},"author":1,"featured_media":0,"comment_status":"closed","ping_status":"closed","sticky":false,"template":"","format":"standard","meta":{"footnotes":""},"categories":[54],"tags":[62,67,235,230,283],"class_list":{"0":"post-2002","1":"post","2":"type-post","3":"status-publish","4":"format-standard","6":"category-wg","7":"tag-einfuehrungstage","8":"tag-klettergarten","9":"tag-schmellbachtal","10":"tag-till-schneidenbach","11":"tag-workshop"},"_links":{"self":[{"href":"https:\/\/www.wg-west.de\/de_ls\/wp-json\/wp\/v2\/posts\/2002","targetHints":{"allow":["GET"]}}],"collection":[{"href":"https:\/\/www.wg-west.de\/de_ls\/wp-json\/wp\/v2\/posts"}],"about":[{"href":"https:\/\/www.wg-west.de\/de_ls\/wp-json\/wp\/v2\/types\/post"}],"author":[{"embeddable":true,"href":"https:\/\/www.wg-west.de\/de_ls\/wp-json\/wp\/v2\/users\/1"}],"replies":[{"embeddable":true,"href":"https:\/\/www.wg-west.de\/de_ls\/wp-json\/wp\/v2\/comments?post=2002"}],"version-history":[{"count":1,"href":"https:\/\/www.wg-west.de\/de_ls\/wp-json\/wp\/v2\/posts\/2002\/revisions"}],"predecessor-version":[{"id":2004,"href":"https:\/\/www.wg-west.de\/de_ls\/wp-json\/wp\/v2\/posts\/2002\/revisions\/2004"}],"wp:attachment":[{"href":"https:\/\/www.wg-west.de\/de_ls\/wp-json\/wp\/v2\/media?parent=2002"}],"wp:term":[{"taxonomy":"category","embeddable":true,"href":"https:\/\/www.wg-west.de\/de_ls\/wp-json\/wp\/v2\/categories?post=2002"},{"taxonomy":"post_tag","embeddable":true,"href":"https:\/\/www.wg-west.de\/de_ls\/wp-json\/wp\/v2\/tags?post=2002"}],"curies":[{"name":"wp","href":"https:\/\/api.w.org\/{rel}","templated":true}]}}