{"id":1951,"date":"2020-08-12T09:51:23","date_gmt":"2020-08-12T07:51:23","guid":{"rendered":"http:\/\/www.wg-west.de\/?p=1951"},"modified":"2020-08-12T09:51:26","modified_gmt":"2020-08-12T07:51:26","slug":"wir-schuetzen-uns-aufenthalt-in-risikogebieten-14-tage-quarantaene","status":"publish","type":"post","link":"https:\/\/www.wg-west.de\/de_ls\/2020\/08\/12\/wir-schuetzen-uns-aufenthalt-in-risikogebieten-14-tage-quarantaene\/","title":{"rendered":"Wir sch\u00fctzen uns! Aufenthalt in Risikogebieten \u2013 14 Tage Quarant\u00e4ne"},"content":{"rendered":"<p>Liebe Sch\u00fclerinnen und Sch\u00fcler,<br>wir freuen uns sehr, dass wir das neue Schuljahr wieder in Pr\u00e4senz in kompletten Gruppen beginnen d\u00fcrfen. Weil wir das d\u00fcrfen, ist es besonders wichtig, dass wir uns gegenseitig sch\u00fctzen, um Infektionen an unserer Schule so gut wie m\u00f6glich zu vermeiden.<\/p>\n\n\n\n<p><strong>All diejenigen, die sich nach dem 30. August noch in einem Risikogebiet aufgehalten haben, fordern wir dringend auf die vorgeschriebene 14t\u00e4gige Quarant\u00e4ne einzuhalten. Sie d\u00fcrfen erst dann zur Schule kommen, wenn seit ihrer R\u00fcckkehr aus dem Risikogebiet 14 Tage vergangen sind, es sei denn Sie k\u00f6nnen ein negatives Testergebnis vorweisen. Dies gilt selbstverst\u00e4ndlich auch f\u00fcr Sch\u00fclerinnen und Sch\u00fcler, die neu an unsere Schule kommen<\/strong>.<\/p>\n\n\n\n<p>Die genauen Regelungen und Verpflichtungen finden Sie auf den Seiten des Landes Baden-W\u00fcrttemberg: <br><a href=\"https:\/\/www.baden-wuerttemberg.de\/de\/service\/aktuelle-infos-zu-corona\/verordnung-fuer-ein-und-rueckreisende\/\">https:\/\/www.baden-wuerttemberg.de\/de\/service\/aktuelle-infos-zu-corona\/verordnung-fuer-ein-und-rueckreisende\/<\/a><\/p>\n\n\n\n<p>Zu den Risikogebieten z\u00e4hlen sehr viele L\u00e4nder in der ganzen Welt, insbesondere auch die T\u00fcrkei, Serbien, Bosnien-Herzegowina, Montenegro. Eine vollst\u00e4ndige \u00dcbersicht \u00fcber die Risikogebiete finden Sie auf der Seite des Robert-Koch-Instituts:<br><a href=\"https:\/\/www.rki.de\/DE\/Content\/InfAZ\/N\/Neuartiges_Coronavirus\/Risikogebiete_neu.html\">https:\/\/www.rki.de\/DE\/Content\/InfAZ\/N\/Neuartiges_Coronavirus\/Risikogebiete_neu.html<\/a><\/p>\n\n\n\n<p>F\u00fcr den Schutz aller an unserer Schule ist es wichtig, dass diese Regeln eingehalten werden, bei Nichteinhaltung m\u00fcssen wir uns Sanktionen vorbehalten.<\/p>\n\n\n\n<p>Alle Sch\u00fclerinnen und Sch\u00fcler, die zun\u00e4chst vom Schulbesuch ausgeschlossen sind, bitten wir sich <strong>telefonisch ab dem 07. September bei der Schule zu melden und mitzuteilen, ab wann die Schule wieder besucht werden kann.<\/strong><\/p>\n\n\n\n<p>Wir freuen uns auf das neue Schuljahr mit Ihnen, auch wenn es f\u00fcr Sie nicht am 14. September beginnt.<\/p>\n\n\n\n<p>Ihre Schulleitung<\/p>","protected":false},"excerpt":{"rendered":"<p>Liebe Sch\u00fclerinnen und Sch\u00fcler,wir freuen uns sehr, dass wir das neue Schuljahr wieder in Pr\u00e4senz in kompletten Gruppen beginnen d\u00fcrfen. Weil wir das d\u00fcrfen, ist es besonders wichtig, dass wir&#8230;<\/p>","protected":false},"author":1,"featured_media":0,"comment_status":"closed","ping_status":"closed","sticky":false,"template":"","format":"standard","meta":{"footnotes":""},"categories":[1],"tags":[343,342,341],"class_list":{"0":"post-1951","1":"post","2":"type-post","3":"status-publish","4":"format-standard","6":"category-allgemein","7":"tag-negatives-testergebnis","8":"tag-quarantaene","9":"tag-risikogebiet"},"_links":{"self":[{"href":"https:\/\/www.wg-west.de\/de_ls\/wp-json\/wp\/v2\/posts\/1951","targetHints":{"allow":["GET"]}}],"collection":[{"href":"https:\/\/www.wg-west.de\/de_ls\/wp-json\/wp\/v2\/posts"}],"about":[{"href":"https:\/\/www.wg-west.de\/de_ls\/wp-json\/wp\/v2\/types\/post"}],"author":[{"embeddable":true,"href":"https:\/\/www.wg-west.de\/de_ls\/wp-json\/wp\/v2\/users\/1"}],"replies":[{"embeddable":true,"href":"https:\/\/www.wg-west.de\/de_ls\/wp-json\/wp\/v2\/comments?post=1951"}],"version-history":[{"count":1,"href":"https:\/\/www.wg-west.de\/de_ls\/wp-json\/wp\/v2\/posts\/1951\/revisions"}],"predecessor-version":[{"id":1952,"href":"https:\/\/www.wg-west.de\/de_ls\/wp-json\/wp\/v2\/posts\/1951\/revisions\/1952"}],"wp:attachment":[{"href":"https:\/\/www.wg-west.de\/de_ls\/wp-json\/wp\/v2\/media?parent=1951"}],"wp:term":[{"taxonomy":"category","embeddable":true,"href":"https:\/\/www.wg-west.de\/de_ls\/wp-json\/wp\/v2\/categories?post=1951"},{"taxonomy":"post_tag","embeddable":true,"href":"https:\/\/www.wg-west.de\/de_ls\/wp-json\/wp\/v2\/tags?post=1951"}],"curies":[{"name":"wp","href":"https:\/\/api.w.org\/{rel}","templated":true}]}}