{"id":1900,"date":"2020-07-15T17:51:03","date_gmt":"2020-07-15T15:51:03","guid":{"rendered":"http:\/\/www.wg-west.de\/?p=1900"},"modified":"2020-07-15T17:51:05","modified_gmt":"2020-07-15T15:51:05","slug":"befair-auch-in-corona-zeiten","status":"publish","type":"post","link":"https:\/\/www.wg-west.de\/de_ls\/2020\/07\/15\/befair-auch-in-corona-zeiten\/","title":{"rendered":"#befair auch in Corona-Zeiten:"},"content":{"rendered":"<p>Wir setzen uns auch in diesen ungew\u00f6hnlichen Zeiten f\u00fcr den fairen Handel an der Schule und im Schulumfeld ein. Deshalb bewerben wir uns f\u00fcr den Titel &#8222;Fairtrade-School&#8220;, um auf die Bedeutsamkeit von #befair aufmerksam zu machen.\u00a0<\/p>\n\n\n\n<figure class=\"wp-block-image size-large\"><img loading=\"lazy\" decoding=\"async\" width=\"382\" height=\"254\" src=\"http:\/\/www.wg-west.de\/cms\/wp-content\/uploads\/2020\/07\/befair.png\" alt=\"\" class=\"wp-image-1901\" srcset=\"https:\/\/www.wg-west.de\/cms\/wp-content\/uploads\/2020\/07\/befair.png 382w, https:\/\/www.wg-west.de\/cms\/wp-content\/uploads\/2020\/07\/befair-300x199.png 300w\" sizes=\"auto, (max-width: 382px) 100vw, 382px\" \/><figcaption><a href=\"https:\/\/pixabay.com\/de\/images\/search\/fairer%20handel\/\">https:\/\/pixabay.com\/de\/images\/search\/fairer%20handel\/<\/a><\/figcaption><\/figure>","protected":false},"excerpt":{"rendered":"<p>Wir setzen uns auch in diesen ungew\u00f6hnlichen Zeiten f\u00fcr den fairen Handel an der Schule und im Schulumfeld ein. Deshalb bewerben wir uns f\u00fcr den Titel &#8222;Fairtrade-School&#8220;, um auf die&#8230;<\/p>","protected":false},"author":1,"featured_media":0,"comment_status":"closed","ping_status":"closed","sticky":false,"template":"","format":"standard","meta":{"footnotes":""},"categories":[1],"tags":[324,326,325],"class_list":{"0":"post-1900","1":"post","2":"type-post","3":"status-publish","4":"format-standard","6":"category-allgemein","7":"tag-befair","8":"tag-fairtrade","9":"tag-fairtrade-school"},"_links":{"self":[{"href":"https:\/\/www.wg-west.de\/de_ls\/wp-json\/wp\/v2\/posts\/1900","targetHints":{"allow":["GET"]}}],"collection":[{"href":"https:\/\/www.wg-west.de\/de_ls\/wp-json\/wp\/v2\/posts"}],"about":[{"href":"https:\/\/www.wg-west.de\/de_ls\/wp-json\/wp\/v2\/types\/post"}],"author":[{"embeddable":true,"href":"https:\/\/www.wg-west.de\/de_ls\/wp-json\/wp\/v2\/users\/1"}],"replies":[{"embeddable":true,"href":"https:\/\/www.wg-west.de\/de_ls\/wp-json\/wp\/v2\/comments?post=1900"}],"version-history":[{"count":1,"href":"https:\/\/www.wg-west.de\/de_ls\/wp-json\/wp\/v2\/posts\/1900\/revisions"}],"predecessor-version":[{"id":1902,"href":"https:\/\/www.wg-west.de\/de_ls\/wp-json\/wp\/v2\/posts\/1900\/revisions\/1902"}],"wp:attachment":[{"href":"https:\/\/www.wg-west.de\/de_ls\/wp-json\/wp\/v2\/media?parent=1900"}],"wp:term":[{"taxonomy":"category","embeddable":true,"href":"https:\/\/www.wg-west.de\/de_ls\/wp-json\/wp\/v2\/categories?post=1900"},{"taxonomy":"post_tag","embeddable":true,"href":"https:\/\/www.wg-west.de\/de_ls\/wp-json\/wp\/v2\/tags?post=1900"}],"curies":[{"name":"wp","href":"https:\/\/api.w.org\/{rel}","templated":true}]}}