{"id":1875,"date":"2020-06-09T10:15:28","date_gmt":"2020-06-09T08:15:28","guid":{"rendered":"http:\/\/www.wg-west.de\/?p=1875"},"modified":"2020-06-09T10:16:02","modified_gmt":"2020-06-09T08:16:02","slug":"praesenzunterricht-ab-15-06-2020","status":"publish","type":"post","link":"https:\/\/www.wg-west.de\/de_ls\/2020\/06\/09\/praesenzunterricht-ab-15-06-2020\/","title":{"rendered":"Pr\u00e4senzunterricht ab 15.06.2020"},"content":{"rendered":"<p>Am Montag, den 15. Juni starten wir wieder mit dem Pr\u00e4senzunterricht f\u00fcr alle Nicht-Pr\u00fcfungsklassen, wir freuen uns sehr unsere Sch\u00fclerinnen und Sch\u00fcler wieder an der Schule zu haben. Genauere Informationen finden Sie hier:<\/p>\n\n\n\n<div class=\"wp-block-file\"><a href=\"http:\/\/www.wg-west.de\/cms\/wp-content\/uploads\/2020\/06\/Schulbetrieb-nach-Pfingsten.pdf\">Schulbetrieb-nach-Pfingsten<\/a><a href=\"http:\/\/www.wg-west.de\/cms\/wp-content\/uploads\/2020\/06\/Schulbetrieb-nach-Pfingsten.pdf\" class=\"wp-block-file__button\" download>Herunterladen<\/a><\/div>","protected":false},"excerpt":{"rendered":"<p>Am Montag, den 15. Juni starten wir wieder mit dem Pr\u00e4senzunterricht f\u00fcr alle Nicht-Pr\u00fcfungsklassen, wir freuen uns sehr unsere Sch\u00fclerinnen und Sch\u00fcler wieder an der Schule zu haben. Genauere Informationen&#8230;<\/p>","protected":false},"author":1,"featured_media":0,"comment_status":"closed","ping_status":"closed","sticky":false,"template":"","format":"standard","meta":{"footnotes":""},"categories":[1],"tags":[313,320,318,319],"class_list":{"0":"post-1875","1":"post","2":"type-post","3":"status-publish","4":"format-standard","6":"category-allgemein","7":"tag-corona","8":"tag-nicht-pruefungsklassen","9":"tag-praesenzunterricht","10":"tag-wiederaufnahme-unterricht"},"_links":{"self":[{"href":"https:\/\/www.wg-west.de\/de_ls\/wp-json\/wp\/v2\/posts\/1875","targetHints":{"allow":["GET"]}}],"collection":[{"href":"https:\/\/www.wg-west.de\/de_ls\/wp-json\/wp\/v2\/posts"}],"about":[{"href":"https:\/\/www.wg-west.de\/de_ls\/wp-json\/wp\/v2\/types\/post"}],"author":[{"embeddable":true,"href":"https:\/\/www.wg-west.de\/de_ls\/wp-json\/wp\/v2\/users\/1"}],"replies":[{"embeddable":true,"href":"https:\/\/www.wg-west.de\/de_ls\/wp-json\/wp\/v2\/comments?post=1875"}],"version-history":[{"count":1,"href":"https:\/\/www.wg-west.de\/de_ls\/wp-json\/wp\/v2\/posts\/1875\/revisions"}],"predecessor-version":[{"id":1877,"href":"https:\/\/www.wg-west.de\/de_ls\/wp-json\/wp\/v2\/posts\/1875\/revisions\/1877"}],"wp:attachment":[{"href":"https:\/\/www.wg-west.de\/de_ls\/wp-json\/wp\/v2\/media?parent=1875"}],"wp:term":[{"taxonomy":"category","embeddable":true,"href":"https:\/\/www.wg-west.de\/de_ls\/wp-json\/wp\/v2\/categories?post=1875"},{"taxonomy":"post_tag","embeddable":true,"href":"https:\/\/www.wg-west.de\/de_ls\/wp-json\/wp\/v2\/tags?post=1875"}],"curies":[{"name":"wp","href":"https:\/\/api.w.org\/{rel}","templated":true}]}}