{"id":1700,"date":"2020-01-17T17:34:04","date_gmt":"2020-01-17T16:34:04","guid":{"rendered":"http:\/\/www.wg-west.de\/?p=1700"},"modified":"2020-01-20T12:20:23","modified_gmt":"2020-01-20T11:20:23","slug":"bk1-28-01-2020-workshop","status":"publish","type":"post","link":"https:\/\/www.wg-west.de\/de_ls\/2020\/01\/17\/bk1-28-01-2020-workshop\/","title":{"rendered":"Ausbildungsworkshop am 28.01.2020"},"content":{"rendered":"<figure class=\"wp-block-image\"><img loading=\"lazy\" decoding=\"async\" width=\"962\" height=\"464\" src=\"http:\/\/www.wg-west.de\/cms\/wp-content\/uploads\/2020\/01\/Notizen.png\" alt=\"\" class=\"wp-image-1701\" srcset=\"https:\/\/www.wg-west.de\/cms\/wp-content\/uploads\/2020\/01\/Notizen.png 962w, https:\/\/www.wg-west.de\/cms\/wp-content\/uploads\/2020\/01\/Notizen-300x145.png 300w, https:\/\/www.wg-west.de\/cms\/wp-content\/uploads\/2020\/01\/Notizen-768x370.png 768w\" sizes=\"auto, (max-width: 962px) 100vw, 962px\" \/><\/figure>\n\n\n\n<p>F\u00fcr alle Sch\u00fclerinnen und Sch\u00fcler, die die Probezeit nicht bestanden haben, bieten wir in Zusammenarbeit mit den Joblingen einen Workshop zur beruflichen Orientierung an. <br><strong>Der Workshop findet am 28. Januar 2020 von der 2. \u2013 6. Stunde im Pavillon statt.<\/strong> <br>Ziel des Workshops ist es, die eigenen St\u00e4rken zu kennen und herauszufinden, welche Branche zu Euren St\u00e4rken passt. Anschlie\u00dfend lernt Ihr die Berufe kennen, die Euren St\u00e4rken entsprechen. <br>Die Joblinge haben verschiedene M\u00f6glichkeiten Euch auf Eurem weiteren Weg zu helfen. Sie unterst\u00fctzen Euch, bei der Erstellung von Bewerbungsunterlagen oder vermitteln Praktikumspl\u00e4tze. <br>Bitte <strong>bringt<\/strong> zum Workshop bereits vorhandene <strong>Bewerbungsunterlagen<\/strong> (Anschreiben und Lebenslauf) <strong>mit<\/strong>. Ihr bekommt dann eine direkte R\u00fcckmeldung zu Euren Unterlagen.<br>Wir m\u00f6chten, dass Ihr alle von diesem Tag profitiert! <\/p>\n\n\n\n<p>Viel Spa\u00df und\nviele gute Erfahrungen!<\/p>","protected":false},"excerpt":{"rendered":"<p>F\u00fcr alle Sch\u00fclerinnen und Sch\u00fcler, die die Probezeit nicht bestanden haben, bieten wir in Zusammenarbeit mit den Joblingen einen Workshop zur beruflichen Orientierung an. Der Workshop findet am 28. Januar&#8230;<\/p>","protected":false},"author":1,"featured_media":0,"comment_status":"closed","ping_status":"closed","sticky":false,"template":"","format":"standard","meta":{"footnotes":""},"categories":[210,61,228],"tags":[284,285,84,282,283],"class_list":{"0":"post-1700","1":"post","2":"type-post","3":"status-publish","4":"format-standard","6":"category-bk1","7":"category-bk2","8":"category-ws","9":"tag-berufliche-orientierung","10":"tag-bewerbungsunterlagen","11":"tag-bk1","12":"tag-probezeit","13":"tag-workshop"},"_links":{"self":[{"href":"https:\/\/www.wg-west.de\/de_ls\/wp-json\/wp\/v2\/posts\/1700","targetHints":{"allow":["GET"]}}],"collection":[{"href":"https:\/\/www.wg-west.de\/de_ls\/wp-json\/wp\/v2\/posts"}],"about":[{"href":"https:\/\/www.wg-west.de\/de_ls\/wp-json\/wp\/v2\/types\/post"}],"author":[{"embeddable":true,"href":"https:\/\/www.wg-west.de\/de_ls\/wp-json\/wp\/v2\/users\/1"}],"replies":[{"embeddable":true,"href":"https:\/\/www.wg-west.de\/de_ls\/wp-json\/wp\/v2\/comments?post=1700"}],"version-history":[{"count":3,"href":"https:\/\/www.wg-west.de\/de_ls\/wp-json\/wp\/v2\/posts\/1700\/revisions"}],"predecessor-version":[{"id":1706,"href":"https:\/\/www.wg-west.de\/de_ls\/wp-json\/wp\/v2\/posts\/1700\/revisions\/1706"}],"wp:attachment":[{"href":"https:\/\/www.wg-west.de\/de_ls\/wp-json\/wp\/v2\/media?parent=1700"}],"wp:term":[{"taxonomy":"category","embeddable":true,"href":"https:\/\/www.wg-west.de\/de_ls\/wp-json\/wp\/v2\/categories?post=1700"},{"taxonomy":"post_tag","embeddable":true,"href":"https:\/\/www.wg-west.de\/de_ls\/wp-json\/wp\/v2\/tags?post=1700"}],"curies":[{"name":"wp","href":"https:\/\/api.w.org\/{rel}","templated":true}]}}