{"id":1662,"date":"2020-01-12T08:12:23","date_gmt":"2020-01-12T07:12:23","guid":{"rendered":"http:\/\/www.wg-west.de\/?p=1662"},"modified":"2020-01-12T08:12:26","modified_gmt":"2020-01-12T07:12:26","slug":"berufsberatung-am-wg-west","status":"publish","type":"post","link":"https:\/\/www.wg-west.de\/de_ls\/2020\/01\/12\/berufsberatung-am-wg-west\/","title":{"rendered":"Berufsberatung am WG West"},"content":{"rendered":"<p>Auch in diesem Jahr findet wieder im Februar wieder die\nBerufsberatung der Bundesagentur f\u00fcr Arbeit f\u00fcr Sch\u00fclerinnen und Sch\u00fcler des WG\nWests, hier an unserer Schule statt. Die Berufsberatung richtet sich an die\nSch\u00fclerinnen und Sch\u00fcler der Abschlussklassen (Ausnahme WG, hier nehmen die\nSch\u00fclerinnen und Sch\u00fcler der Jahrgangsstufe 1 teil). Interessierte Sch\u00fclerinnen\nund Sch\u00fcler melden sich bitte mit dem vom Klassenlehrer bereitgestellten\nFormular beim Klassenlehrer an. <\/p>","protected":false},"excerpt":{"rendered":"<p>Auch in diesem Jahr findet wieder im Februar wieder die Berufsberatung der Bundesagentur f\u00fcr Arbeit f\u00fcr Sch\u00fclerinnen und Sch\u00fcler des WG Wests, hier an unserer Schule statt. Die Berufsberatung richtet&#8230;<\/p>","protected":false},"author":1,"featured_media":0,"comment_status":"closed","ping_status":"closed","sticky":false,"template":"","format":"standard","meta":{"footnotes":""},"categories":[1],"tags":[267,268],"class_list":{"0":"post-1662","1":"post","2":"type-post","3":"status-publish","4":"format-standard","6":"category-allgemein","7":"tag-berufsberatung","8":"tag-bundesagentur-fuer-arbeit"},"_links":{"self":[{"href":"https:\/\/www.wg-west.de\/de_ls\/wp-json\/wp\/v2\/posts\/1662","targetHints":{"allow":["GET"]}}],"collection":[{"href":"https:\/\/www.wg-west.de\/de_ls\/wp-json\/wp\/v2\/posts"}],"about":[{"href":"https:\/\/www.wg-west.de\/de_ls\/wp-json\/wp\/v2\/types\/post"}],"author":[{"embeddable":true,"href":"https:\/\/www.wg-west.de\/de_ls\/wp-json\/wp\/v2\/users\/1"}],"replies":[{"embeddable":true,"href":"https:\/\/www.wg-west.de\/de_ls\/wp-json\/wp\/v2\/comments?post=1662"}],"version-history":[{"count":1,"href":"https:\/\/www.wg-west.de\/de_ls\/wp-json\/wp\/v2\/posts\/1662\/revisions"}],"predecessor-version":[{"id":1663,"href":"https:\/\/www.wg-west.de\/de_ls\/wp-json\/wp\/v2\/posts\/1662\/revisions\/1663"}],"wp:attachment":[{"href":"https:\/\/www.wg-west.de\/de_ls\/wp-json\/wp\/v2\/media?parent=1662"}],"wp:term":[{"taxonomy":"category","embeddable":true,"href":"https:\/\/www.wg-west.de\/de_ls\/wp-json\/wp\/v2\/categories?post=1662"},{"taxonomy":"post_tag","embeddable":true,"href":"https:\/\/www.wg-west.de\/de_ls\/wp-json\/wp\/v2\/tags?post=1662"}],"curies":[{"name":"wp","href":"https:\/\/api.w.org\/{rel}","templated":true}]}}