{"id":1614,"date":"2019-11-09T12:05:17","date_gmt":"2019-11-09T11:05:17","guid":{"rendered":"http:\/\/www.wg-west.de\/?p=1614"},"modified":"2019-11-09T12:05:20","modified_gmt":"2019-11-09T11:05:20","slug":"zwei-talente-im-land","status":"publish","type":"post","link":"https:\/\/www.wg-west.de\/de_ls\/2019\/11\/09\/zwei-talente-im-land\/","title":{"rendered":"Zwei Talente im Land"},"content":{"rendered":"<figure class=\"wp-block-image\"><img loading=\"lazy\" decoding=\"async\" width=\"300\" height=\"168\" src=\"http:\/\/www.wg-west.de\/cms\/wp-content\/uploads\/2019\/11\/TIL.png\" alt=\"\" class=\"wp-image-1615\"\/><figcaption>www.talentimland.de<\/figcaption><\/figure>\n\n\n\n<p>Zwei Sch\u00fcler des Wirtschaftsgymnasium West sind seit dem 1. September Stipendiaten bei &#8222;Talent im Land&#8220;. <br>Dies ist ein von der Baden-W\u00fcrttemberg Stiftung gemeinsam mit der Josef Wunder Stiftung getragenenes Stipendienprogramm und f\u00f6rdert begabte Sch\u00fclerinnen und Sch\u00fcler aus Baden-W\u00fcrttemberg. Das Stipendium hat am 1. September begonnen und beinhaltet ein monatliches Stipendium, pers\u00f6nliche Beratung sowie Stipendiatentreffen, Seminare und weitere Bildungsangebote. Dar\u00fcber hinaus besteht die M\u00f6glichkeit, bei Bedarf Mittel f\u00fcr Nachhilfe in den Hauptf\u00e4chern, Zusch\u00fcsse zu Klassenfahrten udn zum Kauf eines Computers beantragen.<\/p>\n\n\n\n<p>Am Freitag, den 8. November 2019 wurden unsere zwei Sch\u00fcler zusammen mit insgesamt 50 neuen Stipendiaten im Neuen Schloss in Stuttgart feierlich in das Programm aufgenommen und bekamen von Staatssekret\u00e4rin Dr. Giesela Splett ihre Aufnahmeurkunden \u00fcberreicht. <br>Wir gratulieren dazu herzlich und w\u00fcnschen eine gute Zeit!<\/p>","protected":false},"excerpt":{"rendered":"<p>Zwei Sch\u00fcler des Wirtschaftsgymnasium West sind seit dem 1. September Stipendiaten bei &#8222;Talent im Land&#8220;. Dies ist ein von der Baden-W\u00fcrttemberg Stiftung gemeinsam mit der Josef Wunder Stiftung getragenenes Stipendienprogramm&#8230;<\/p>","protected":false},"author":1,"featured_media":0,"comment_status":"closed","ping_status":"closed","sticky":false,"template":"","format":"standard","meta":{"footnotes":""},"categories":[1,54],"tags":[259,258,257],"class_list":{"0":"post-1614","1":"post","2":"type-post","3":"status-publish","4":"format-standard","6":"category-allgemein","7":"category-wg","8":"tag-stipendiaten","9":"tag-stipendium","10":"tag-talent-im-land"},"_links":{"self":[{"href":"https:\/\/www.wg-west.de\/de_ls\/wp-json\/wp\/v2\/posts\/1614","targetHints":{"allow":["GET"]}}],"collection":[{"href":"https:\/\/www.wg-west.de\/de_ls\/wp-json\/wp\/v2\/posts"}],"about":[{"href":"https:\/\/www.wg-west.de\/de_ls\/wp-json\/wp\/v2\/types\/post"}],"author":[{"embeddable":true,"href":"https:\/\/www.wg-west.de\/de_ls\/wp-json\/wp\/v2\/users\/1"}],"replies":[{"embeddable":true,"href":"https:\/\/www.wg-west.de\/de_ls\/wp-json\/wp\/v2\/comments?post=1614"}],"version-history":[{"count":1,"href":"https:\/\/www.wg-west.de\/de_ls\/wp-json\/wp\/v2\/posts\/1614\/revisions"}],"predecessor-version":[{"id":1616,"href":"https:\/\/www.wg-west.de\/de_ls\/wp-json\/wp\/v2\/posts\/1614\/revisions\/1616"}],"wp:attachment":[{"href":"https:\/\/www.wg-west.de\/de_ls\/wp-json\/wp\/v2\/media?parent=1614"}],"wp:term":[{"taxonomy":"category","embeddable":true,"href":"https:\/\/www.wg-west.de\/de_ls\/wp-json\/wp\/v2\/categories?post=1614"},{"taxonomy":"post_tag","embeddable":true,"href":"https:\/\/www.wg-west.de\/de_ls\/wp-json\/wp\/v2\/tags?post=1614"}],"curies":[{"name":"wp","href":"https:\/\/api.w.org\/{rel}","templated":true}]}}