{"id":1534,"date":"2019-09-19T09:23:04","date_gmt":"2019-09-19T07:23:04","guid":{"rendered":"http:\/\/www.wg-west.de\/?p=1534"},"modified":"2019-09-19T09:32:05","modified_gmt":"2019-09-19T07:32:05","slug":"impressionen-einfuehrungstage-im-klettergarten-der-e4","status":"publish","type":"post","link":"https:\/\/www.wg-west.de\/de_ls\/2019\/09\/19\/impressionen-einfuehrungstage-im-klettergarten-der-e4\/","title":{"rendered":"Impressionen Einf\u00fchrungstage im Klettergarten der E4"},"content":{"rendered":"<ul class=\"wp-block-gallery columns-2 is-cropped wp-block-gallery-1 is-layout-flex wp-block-gallery-is-layout-flex\"><li class=\"blocks-gallery-item\"><figure><img loading=\"lazy\" decoding=\"async\" width=\"1024\" height=\"768\" src=\"http:\/\/www.wg-west.de\/cms\/wp-content\/uploads\/2019\/09\/Klettergarten_E4_1-1024x768.jpg\" alt=\"\" data-id=\"1535\" data-link=\"http:\/\/www.wg-west.de\/?attachment_id=1535\" class=\"wp-image-1535\" srcset=\"https:\/\/www.wg-west.de\/cms\/wp-content\/uploads\/2019\/09\/Klettergarten_E4_1-1024x768.jpg 1024w, https:\/\/www.wg-west.de\/cms\/wp-content\/uploads\/2019\/09\/Klettergarten_E4_1-300x225.jpg 300w, https:\/\/www.wg-west.de\/cms\/wp-content\/uploads\/2019\/09\/Klettergarten_E4_1-768x576.jpg 768w\" sizes=\"auto, (max-width: 1024px) 100vw, 1024px\" \/><\/figure><\/li><li class=\"blocks-gallery-item\"><figure><img loading=\"lazy\" decoding=\"async\" width=\"1024\" height=\"768\" src=\"http:\/\/www.wg-west.de\/cms\/wp-content\/uploads\/2019\/09\/Klettergarten_E4-1-1024x768.jpg\" alt=\"\" data-id=\"1539\" data-link=\"http:\/\/www.wg-west.de\/2019\/09\/19\/impressionen-einfuehrungstage-im-klettergarten-der-e4\/klettergarten_e4-1\/\" class=\"wp-image-1539\" srcset=\"https:\/\/www.wg-west.de\/cms\/wp-content\/uploads\/2019\/09\/Klettergarten_E4-1-1024x768.jpg 1024w, https:\/\/www.wg-west.de\/cms\/wp-content\/uploads\/2019\/09\/Klettergarten_E4-1-300x225.jpg 300w, https:\/\/www.wg-west.de\/cms\/wp-content\/uploads\/2019\/09\/Klettergarten_E4-1-768x576.jpg 768w\" sizes=\"auto, (max-width: 1024px) 100vw, 1024px\" \/><\/figure><\/li><\/ul>\n\n\n\n<p>Am 17. September 2019, dem zweiten Tag der Einf\u00fchrungstage\ntrafen sich die Sch\u00fclerinnen und Sch\u00fcler der Eingangsklassen E3 und E4 um acht\nUhr am Bahnhof Stuttgart-Rohr, um sich gemeinsam mit\nihren&nbsp;Klassenlehreinnen auf den Weg zum Waldklettergarten Schmellbachtal\nzu machen. Nach einer kurzen Begr\u00fc\u00dfung fanden viele Interaktionsspiele statt,&nbsp; die dazu gedacht waren die anderen Mitsch\u00fcler\nbesser kennenzulernen und&nbsp;die Teamarbeit und Klassengemeinschaft zu\nst\u00e4rken. Bei diesen Spielen handelte es sich um Aufgaben, die man gemeinsam als\nKlasse meistern musste. Beispielsweise musste man gemeinsam unter einem\ngeschwungenen Seil durchrennen ohne es zu ber\u00fchren oder mithilfe von einzelnen\nRohren eine Kugel ans Ziel balancieren.<\/p>\n\n\n\n<p>Nach einer gro\u00dfen Mittagspause durften die Sch\u00fcler nach\neinigen Sicherheitsanweisungen die einzelnen Kletterstationen mit verschiedenen\nSchwierigkeitsgraden ausprobieren.<\/p>\n\n\n\n<p>Zum Schluss gab es noch eine kleine Runde mit\nR\u00fcckmeldungen der Sch\u00fcler, denen der Tag offensichtlich gut gefallen hat.<\/p>","protected":false},"excerpt":{"rendered":"<p>Am 17. September 2019, dem zweiten Tag der Einf\u00fchrungstage trafen sich die Sch\u00fclerinnen und Sch\u00fcler der Eingangsklassen E3 und E4 um acht Uhr am Bahnhof Stuttgart-Rohr, um sich gemeinsam mit&#8230;<\/p>","protected":false},"author":1,"featured_media":0,"comment_status":"closed","ping_status":"closed","sticky":false,"template":"","format":"standard","meta":{"footnotes":""},"categories":[54],"tags":[241,62,68,67],"class_list":{"0":"post-1534","1":"post","2":"type-post","3":"status-publish","4":"format-standard","6":"category-wg","7":"tag-e4","8":"tag-einfuehrungstage","9":"tag-impressionen","10":"tag-klettergarten"},"_links":{"self":[{"href":"https:\/\/www.wg-west.de\/de_ls\/wp-json\/wp\/v2\/posts\/1534","targetHints":{"allow":["GET"]}}],"collection":[{"href":"https:\/\/www.wg-west.de\/de_ls\/wp-json\/wp\/v2\/posts"}],"about":[{"href":"https:\/\/www.wg-west.de\/de_ls\/wp-json\/wp\/v2\/types\/post"}],"author":[{"embeddable":true,"href":"https:\/\/www.wg-west.de\/de_ls\/wp-json\/wp\/v2\/users\/1"}],"replies":[{"embeddable":true,"href":"https:\/\/www.wg-west.de\/de_ls\/wp-json\/wp\/v2\/comments?post=1534"}],"version-history":[{"count":2,"href":"https:\/\/www.wg-west.de\/de_ls\/wp-json\/wp\/v2\/posts\/1534\/revisions"}],"predecessor-version":[{"id":1541,"href":"https:\/\/www.wg-west.de\/de_ls\/wp-json\/wp\/v2\/posts\/1534\/revisions\/1541"}],"wp:attachment":[{"href":"https:\/\/www.wg-west.de\/de_ls\/wp-json\/wp\/v2\/media?parent=1534"}],"wp:term":[{"taxonomy":"category","embeddable":true,"href":"https:\/\/www.wg-west.de\/de_ls\/wp-json\/wp\/v2\/categories?post=1534"},{"taxonomy":"post_tag","embeddable":true,"href":"https:\/\/www.wg-west.de\/de_ls\/wp-json\/wp\/v2\/tags?post=1534"}],"curies":[{"name":"wp","href":"https:\/\/api.w.org\/{rel}","templated":true}]}}