{"id":1525,"date":"2019-09-18T16:15:33","date_gmt":"2019-09-18T14:15:33","guid":{"rendered":"http:\/\/www.wg-west.de\/?p=1525"},"modified":"2019-10-23T06:38:11","modified_gmt":"2019-10-23T04:38:11","slug":"begruessung-unserer-neuen-lehrkraefte","status":"publish","type":"post","link":"https:\/\/www.wg-west.de\/de_ls\/2019\/09\/18\/begruessung-unserer-neuen-lehrkraefte\/","title":{"rendered":"Begr\u00fc\u00dfung unserer neuen Lehrkr\u00e4fte"},"content":{"rendered":"<p>Wir begr\u00fc\u00dfen sehr herzlich unsere neuen Kolleginnen Carola Ahner (Deutsch und Sport), Kathrin Pleines  (Englisch und GGK), Gordana Palavestrich (Mathematik) sowie unseren neuen Kollegen Timo Hafner (Englisch und Sport)<\/p>\n\n\n\n<p>Den neuen Lehrkr\u00e4ften w\u00fcnschen wir alles Gute f\u00fcr das erste Schuljahr an unserer Schule!<\/p>","protected":false},"excerpt":{"rendered":"<p>Wir begr\u00fc\u00dfen sehr herzlich unsere neuen Kolleginnen Carola Ahner (Deutsch und Sport), Kathrin Pleines (Englisch und GGK), Gordana Palavestrich (Mathematik) sowie unseren neuen Kollegen Timo Hafner (Englisch und Sport) Den&#8230;<\/p>","protected":false},"author":1,"featured_media":0,"comment_status":"closed","ping_status":"closed","sticky":false,"template":"","format":"standard","meta":{"footnotes":""},"categories":[1],"tags":[238,237],"class_list":{"0":"post-1525","1":"post","2":"type-post","3":"status-publish","4":"format-standard","6":"category-allgemein","7":"tag-kolleginnen-und-kollegen","8":"tag-neue-lehrkraefte"},"_links":{"self":[{"href":"https:\/\/www.wg-west.de\/de_ls\/wp-json\/wp\/v2\/posts\/1525","targetHints":{"allow":["GET"]}}],"collection":[{"href":"https:\/\/www.wg-west.de\/de_ls\/wp-json\/wp\/v2\/posts"}],"about":[{"href":"https:\/\/www.wg-west.de\/de_ls\/wp-json\/wp\/v2\/types\/post"}],"author":[{"embeddable":true,"href":"https:\/\/www.wg-west.de\/de_ls\/wp-json\/wp\/v2\/users\/1"}],"replies":[{"embeddable":true,"href":"https:\/\/www.wg-west.de\/de_ls\/wp-json\/wp\/v2\/comments?post=1525"}],"version-history":[{"count":5,"href":"https:\/\/www.wg-west.de\/de_ls\/wp-json\/wp\/v2\/posts\/1525\/revisions"}],"predecessor-version":[{"id":1599,"href":"https:\/\/www.wg-west.de\/de_ls\/wp-json\/wp\/v2\/posts\/1525\/revisions\/1599"}],"wp:attachment":[{"href":"https:\/\/www.wg-west.de\/de_ls\/wp-json\/wp\/v2\/media?parent=1525"}],"wp:term":[{"taxonomy":"category","embeddable":true,"href":"https:\/\/www.wg-west.de\/de_ls\/wp-json\/wp\/v2\/categories?post=1525"},{"taxonomy":"post_tag","embeddable":true,"href":"https:\/\/www.wg-west.de\/de_ls\/wp-json\/wp\/v2\/tags?post=1525"}],"curies":[{"name":"wp","href":"https:\/\/api.w.org\/{rel}","templated":true}]}}