{"id":1520,"date":"2019-09-11T19:38:41","date_gmt":"2019-09-11T17:38:41","guid":{"rendered":"http:\/\/www.wg-west.de\/?p=1520"},"modified":"2019-09-11T19:38:43","modified_gmt":"2019-09-11T17:38:43","slug":"einfuehrungstage-e-klassen","status":"publish","type":"post","link":"https:\/\/www.wg-west.de\/de_ls\/2019\/09\/11\/einfuehrungstage-e-klassen\/","title":{"rendered":"Einf\u00fchrungstage E-Klassen"},"content":{"rendered":"<p>Die Einf\u00fchrungstage in der Eingangsklasse finden am 16. und 17.09.2019 statt. An einem der beiden Tagen geht es f\u00fcr die Eingangsklasse in den Klettergarten im Schmellbachtal. Zus\u00e4tzlich zum Hochseilgartenparcour finden weitere Interaktionspiele statt, um Teamarbeit und Zusammenhalt zu f\u00f6rdern und den Klassenverband zu st\u00e4rken, wobei stets der Spa\u00df im Vordergrund steht. An dem anderen Tag findet der Workshop unter Leitung des Theaterp\u00e4dagogen Till Schneidenbach statt.<\/p>","protected":false},"excerpt":{"rendered":"<p>Die Einf\u00fchrungstage in der Eingangsklasse finden am 16. und 17.09.2019 statt. An einem der beiden Tagen geht es f\u00fcr die Eingangsklasse in den Klettergarten im Schmellbachtal. Zus\u00e4tzlich zum Hochseilgartenparcour finden&#8230;<\/p>","protected":false},"author":1,"featured_media":0,"comment_status":"closed","ping_status":"closed","sticky":false,"template":"","format":"standard","meta":{"footnotes":""},"categories":[54],"tags":[66,62,67,235,230],"class_list":{"0":"post-1520","1":"post","2":"type-post","3":"status-publish","4":"format-standard","6":"category-wg","7":"tag-e-klasse","8":"tag-einfuehrungstage","9":"tag-klettergarten","10":"tag-schmellbachtal","11":"tag-till-schneidenbach"},"_links":{"self":[{"href":"https:\/\/www.wg-west.de\/de_ls\/wp-json\/wp\/v2\/posts\/1520","targetHints":{"allow":["GET"]}}],"collection":[{"href":"https:\/\/www.wg-west.de\/de_ls\/wp-json\/wp\/v2\/posts"}],"about":[{"href":"https:\/\/www.wg-west.de\/de_ls\/wp-json\/wp\/v2\/types\/post"}],"author":[{"embeddable":true,"href":"https:\/\/www.wg-west.de\/de_ls\/wp-json\/wp\/v2\/users\/1"}],"replies":[{"embeddable":true,"href":"https:\/\/www.wg-west.de\/de_ls\/wp-json\/wp\/v2\/comments?post=1520"}],"version-history":[{"count":1,"href":"https:\/\/www.wg-west.de\/de_ls\/wp-json\/wp\/v2\/posts\/1520\/revisions"}],"predecessor-version":[{"id":1521,"href":"https:\/\/www.wg-west.de\/de_ls\/wp-json\/wp\/v2\/posts\/1520\/revisions\/1521"}],"wp:attachment":[{"href":"https:\/\/www.wg-west.de\/de_ls\/wp-json\/wp\/v2\/media?parent=1520"}],"wp:term":[{"taxonomy":"category","embeddable":true,"href":"https:\/\/www.wg-west.de\/de_ls\/wp-json\/wp\/v2\/categories?post=1520"},{"taxonomy":"post_tag","embeddable":true,"href":"https:\/\/www.wg-west.de\/de_ls\/wp-json\/wp\/v2\/tags?post=1520"}],"curies":[{"name":"wp","href":"https:\/\/api.w.org\/{rel}","templated":true}]}}