{"id":1410,"date":"2019-05-09T15:09:36","date_gmt":"2019-05-09T13:09:36","guid":{"rendered":"http:\/\/www.wg-west.de\/?p=1410"},"modified":"2019-05-09T15:09:39","modified_gmt":"2019-05-09T13:09:39","slug":"pruefungen-wirtschaftsschule-berufskolleg-2","status":"publish","type":"post","link":"https:\/\/www.wg-west.de\/de_ls\/2019\/05\/09\/pruefungen-wirtschaftsschule-berufskolleg-2\/","title":{"rendered":"Pr\u00fcfungen Wirtschaftsschule \/ Berufskolleg 2"},"content":{"rendered":"<p>Am Montag, den 20. Mai 2019 starten die Abschlusspr\u00fcfungen der Berufsfachschule (Bildungsziel: mittlere Reife) und des Berufskollegs II (Bildungsziel: Fachhochschulreife). Bis zum 29. Mai m\u00fcssen die Pr\u00fcfungsteilnehmer \u00fcber den Pr\u00fcfungsarbeiten schwitzen. <\/p>\n\n\n\n<p>Wir w\u00fcnschen allen Sch\u00fclerinnen und Sch\u00fclern in dieser anstrengenden Zeit viel Erfolg, gute Konzentration und starke Nerven. Wir glauben an Euch, ihr schafft das!\u00a0<\/p>","protected":false},"excerpt":{"rendered":"<p>Am Montag, den 20. Mai 2019 starten die Abschlusspr\u00fcfungen der Berufsfachschule (Bildungsziel: mittlere Reife) und des Berufskollegs II (Bildungsziel: Fachhochschulreife). Bis zum 29. Mai m\u00fcssen die Pr\u00fcfungsteilnehmer \u00fcber den Pr\u00fcfungsarbeiten&#8230;<\/p>","protected":false},"author":1,"featured_media":0,"comment_status":"closed","ping_status":"closed","sticky":false,"template":"","format":"standard","meta":{"footnotes":""},"categories":[1],"tags":[139,72,52],"class_list":{"0":"post-1410","1":"post","2":"type-post","3":"status-publish","4":"format-standard","6":"category-allgemein","7":"tag-abschlusspruefung","8":"tag-berufskolleg","9":"tag-wirtschaftsschule"},"_links":{"self":[{"href":"https:\/\/www.wg-west.de\/de_ls\/wp-json\/wp\/v2\/posts\/1410","targetHints":{"allow":["GET"]}}],"collection":[{"href":"https:\/\/www.wg-west.de\/de_ls\/wp-json\/wp\/v2\/posts"}],"about":[{"href":"https:\/\/www.wg-west.de\/de_ls\/wp-json\/wp\/v2\/types\/post"}],"author":[{"embeddable":true,"href":"https:\/\/www.wg-west.de\/de_ls\/wp-json\/wp\/v2\/users\/1"}],"replies":[{"embeddable":true,"href":"https:\/\/www.wg-west.de\/de_ls\/wp-json\/wp\/v2\/comments?post=1410"}],"version-history":[{"count":1,"href":"https:\/\/www.wg-west.de\/de_ls\/wp-json\/wp\/v2\/posts\/1410\/revisions"}],"predecessor-version":[{"id":1411,"href":"https:\/\/www.wg-west.de\/de_ls\/wp-json\/wp\/v2\/posts\/1410\/revisions\/1411"}],"wp:attachment":[{"href":"https:\/\/www.wg-west.de\/de_ls\/wp-json\/wp\/v2\/media?parent=1410"}],"wp:term":[{"taxonomy":"category","embeddable":true,"href":"https:\/\/www.wg-west.de\/de_ls\/wp-json\/wp\/v2\/categories?post=1410"},{"taxonomy":"post_tag","embeddable":true,"href":"https:\/\/www.wg-west.de\/de_ls\/wp-json\/wp\/v2\/tags?post=1410"}],"curies":[{"name":"wp","href":"https:\/\/api.w.org\/{rel}","templated":true}]}}