{"id":1367,"date":"2019-03-28T18:22:58","date_gmt":"2019-03-28T17:22:58","guid":{"rendered":"http:\/\/www.wg-west.de\/?p=1367"},"modified":"2019-04-05T09:45:44","modified_gmt":"2019-04-05T07:45:44","slug":"projekttag-ws1-anderssehen","status":"publish","type":"post","link":"https:\/\/www.wg-west.de\/de_ls\/2019\/03\/28\/projekttag-ws1-anderssehen\/","title":{"rendered":"Projekttag WS1: anders:sehen"},"content":{"rendered":"<ul class=\"wp-block-gallery columns-2 is-cropped wp-block-gallery-1 is-layout-flex wp-block-gallery-is-layout-flex\"><li class=\"blocks-gallery-item\"><figure><img loading=\"lazy\" decoding=\"async\" width=\"1024\" height=\"687\" src=\"http:\/\/www.wg-west.de\/cms\/wp-content\/uploads\/2019\/04\/Foto1-1024x687.jpg\" alt=\"\" data-id=\"1399\" data-link=\"http:\/\/www.wg-west.de\/2019\/03\/28\/projekttag-ws1-anderssehen\/foto1\/\" class=\"wp-image-1399\" srcset=\"https:\/\/www.wg-west.de\/cms\/wp-content\/uploads\/2019\/04\/Foto1-1024x687.jpg 1024w, https:\/\/www.wg-west.de\/cms\/wp-content\/uploads\/2019\/04\/Foto1-300x201.jpg 300w, https:\/\/www.wg-west.de\/cms\/wp-content\/uploads\/2019\/04\/Foto1-768x516.jpg 768w, https:\/\/www.wg-west.de\/cms\/wp-content\/uploads\/2019\/04\/Foto1-900x604.jpg 900w, https:\/\/www.wg-west.de\/cms\/wp-content\/uploads\/2019\/04\/Foto1-600x403.jpg 600w, https:\/\/www.wg-west.de\/cms\/wp-content\/uploads\/2019\/04\/Foto1-400x269.jpg 400w\" sizes=\"auto, (max-width: 1024px) 100vw, 1024px\" \/><\/figure><\/li><li class=\"blocks-gallery-item\"><figure><img loading=\"lazy\" decoding=\"async\" width=\"1024\" height=\"687\" src=\"http:\/\/www.wg-west.de\/cms\/wp-content\/uploads\/2019\/04\/Foto2-1024x687.jpg\" alt=\"\" data-id=\"1400\" data-link=\"http:\/\/www.wg-west.de\/2019\/03\/28\/projekttag-ws1-anderssehen\/foto2\/\" class=\"wp-image-1400\" srcset=\"https:\/\/www.wg-west.de\/cms\/wp-content\/uploads\/2019\/04\/Foto2-1024x687.jpg 1024w, https:\/\/www.wg-west.de\/cms\/wp-content\/uploads\/2019\/04\/Foto2-300x201.jpg 300w, https:\/\/www.wg-west.de\/cms\/wp-content\/uploads\/2019\/04\/Foto2-768x516.jpg 768w, https:\/\/www.wg-west.de\/cms\/wp-content\/uploads\/2019\/04\/Foto2-900x604.jpg 900w, https:\/\/www.wg-west.de\/cms\/wp-content\/uploads\/2019\/04\/Foto2-600x403.jpg 600w, https:\/\/www.wg-west.de\/cms\/wp-content\/uploads\/2019\/04\/Foto2-400x269.jpg 400w\" sizes=\"auto, (max-width: 1024px) 100vw, 1024px\" \/><\/figure><\/li><li class=\"blocks-gallery-item\"><figure><img loading=\"lazy\" decoding=\"async\" width=\"1024\" height=\"687\" src=\"http:\/\/www.wg-west.de\/cms\/wp-content\/uploads\/2019\/04\/Foto3-1024x687.jpg\" alt=\"\" data-id=\"1401\" data-link=\"http:\/\/www.wg-west.de\/2019\/03\/28\/projekttag-ws1-anderssehen\/foto3\/\" class=\"wp-image-1401\" srcset=\"https:\/\/www.wg-west.de\/cms\/wp-content\/uploads\/2019\/04\/Foto3-1024x687.jpg 1024w, https:\/\/www.wg-west.de\/cms\/wp-content\/uploads\/2019\/04\/Foto3-300x201.jpg 300w, https:\/\/www.wg-west.de\/cms\/wp-content\/uploads\/2019\/04\/Foto3-768x516.jpg 768w, https:\/\/www.wg-west.de\/cms\/wp-content\/uploads\/2019\/04\/Foto3-900x604.jpg 900w, https:\/\/www.wg-west.de\/cms\/wp-content\/uploads\/2019\/04\/Foto3-600x403.jpg 600w, https:\/\/www.wg-west.de\/cms\/wp-content\/uploads\/2019\/04\/Foto3-400x269.jpg 400w\" sizes=\"auto, (max-width: 1024px) 100vw, 1024px\" \/><\/figure><\/li><li class=\"blocks-gallery-item\"><figure><img loading=\"lazy\" decoding=\"async\" width=\"1024\" height=\"687\" src=\"http:\/\/www.wg-west.de\/cms\/wp-content\/uploads\/2019\/04\/Foto4-1024x687.jpg\" alt=\"\" data-id=\"1402\" data-link=\"http:\/\/www.wg-west.de\/2019\/03\/28\/projekttag-ws1-anderssehen\/foto4\/\" class=\"wp-image-1402\" srcset=\"https:\/\/www.wg-west.de\/cms\/wp-content\/uploads\/2019\/04\/Foto4-1024x687.jpg 1024w, https:\/\/www.wg-west.de\/cms\/wp-content\/uploads\/2019\/04\/Foto4-300x201.jpg 300w, https:\/\/www.wg-west.de\/cms\/wp-content\/uploads\/2019\/04\/Foto4-768x516.jpg 768w, https:\/\/www.wg-west.de\/cms\/wp-content\/uploads\/2019\/04\/Foto4-900x604.jpg 900w, https:\/\/www.wg-west.de\/cms\/wp-content\/uploads\/2019\/04\/Foto4-600x403.jpg 600w, https:\/\/www.wg-west.de\/cms\/wp-content\/uploads\/2019\/04\/Foto4-400x269.jpg 400w\" sizes=\"auto, (max-width: 1024px) 100vw, 1024px\" \/><\/figure><\/li><\/ul>\n\n\n\n<p>Im M\u00e4rz fand in den drei WS-1-Klassen an je einem Tag das Projekt &#8222;anders:sehen sehen&#8220; statt. Es kombiniert die Sensibilisierung f\u00fcr ein inklusives Zusammenleben mit Alltagsdiskriminierung und Alltagsrassismus.<\/p>\n\n\n\n<p>Die Sch\u00fclerinnen und Sch\u00fcler konnten nach einer Vorstellungsrunde mit Dunkelbrille in Kleingruppen verschiedene Stationen durchlaufen. Dabei lernten sie &#8222;die Welt der Blinden&#8220; mit diversen Einschr\u00e4nkungen kennen. Es gab \u00dcbungen zur Orientierung mit und ohne Blindenstock. An manchen Stationen war der Riech- bzw. Tastsinn gefragt. Die Sch\u00fclerinnen und Sch\u00fcler lernten die Grunds\u00e4tze der Blindenschrift kennen. Und wie das Handy den Blinden im Alltag eine gro\u00dfe Hilfe sein kann.<\/p>\n\n\n\n<p>Zwei Klassen hatten die M\u00f6glichkeit, im Dunkelrestaurant der Rosenau eine Kleinigkeit zu essen und etwas zu trinken. Sicher f\u00fcr viele Sch\u00fclerinnen und Sch\u00fcler ein Highlight, auch wenn sich anfangs bei einigen ein &#8222;mulmiges&#8220; Gef\u00fchl breitmachte, als klar war, dass sie die n\u00e4chsten 1 1\/2 Stunden in absoluter Dunkelheit verbringen werden.<\/p>\n\n\n\n<p>Insgesamt war es f\u00fcr die Jugendlichen eine interessante, oft spannende, vor allem aber horizonterweiternde Veranstaltung, bei der sie auch viel Spa\u00df hatten.<\/p>","protected":false},"excerpt":{"rendered":"<p>Im M\u00e4rz fand in den drei WS-1-Klassen an je einem Tag das Projekt &#8222;anders:sehen sehen&#8220; statt. Es kombiniert die Sensibilisierung f\u00fcr ein inklusives Zusammenleben mit Alltagsdiskriminierung und Alltagsrassismus. Die Sch\u00fclerinnen&#8230;<\/p>","protected":false},"author":1,"featured_media":0,"comment_status":"closed","ping_status":"closed","sticky":false,"template":"","format":"standard","meta":{"footnotes":""},"categories":[1],"tags":[204,155,205,156],"class_list":{"0":"post-1367","1":"post","2":"type-post","3":"status-publish","4":"format-standard","6":"category-allgemein","7":"tag-anderssehen","8":"tag-projekttage","9":"tag-rosenau","10":"tag-ws1"},"_links":{"self":[{"href":"https:\/\/www.wg-west.de\/de_ls\/wp-json\/wp\/v2\/posts\/1367","targetHints":{"allow":["GET"]}}],"collection":[{"href":"https:\/\/www.wg-west.de\/de_ls\/wp-json\/wp\/v2\/posts"}],"about":[{"href":"https:\/\/www.wg-west.de\/de_ls\/wp-json\/wp\/v2\/types\/post"}],"author":[{"embeddable":true,"href":"https:\/\/www.wg-west.de\/de_ls\/wp-json\/wp\/v2\/users\/1"}],"replies":[{"embeddable":true,"href":"https:\/\/www.wg-west.de\/de_ls\/wp-json\/wp\/v2\/comments?post=1367"}],"version-history":[{"count":3,"href":"https:\/\/www.wg-west.de\/de_ls\/wp-json\/wp\/v2\/posts\/1367\/revisions"}],"predecessor-version":[{"id":1403,"href":"https:\/\/www.wg-west.de\/de_ls\/wp-json\/wp\/v2\/posts\/1367\/revisions\/1403"}],"wp:attachment":[{"href":"https:\/\/www.wg-west.de\/de_ls\/wp-json\/wp\/v2\/media?parent=1367"}],"wp:term":[{"taxonomy":"category","embeddable":true,"href":"https:\/\/www.wg-west.de\/de_ls\/wp-json\/wp\/v2\/categories?post=1367"},{"taxonomy":"post_tag","embeddable":true,"href":"https:\/\/www.wg-west.de\/de_ls\/wp-json\/wp\/v2\/tags?post=1367"}],"curies":[{"name":"wp","href":"https:\/\/api.w.org\/{rel}","templated":true}]}}