{"id":1329,"date":"2019-02-11T14:35:24","date_gmt":"2019-02-11T13:35:24","guid":{"rendered":"http:\/\/www.wg-west.de\/?p=1329"},"modified":"2019-02-11T14:35:24","modified_gmt":"2019-02-11T13:35:24","slug":"impressionen-besuch-brillux-bk1-4","status":"publish","type":"post","link":"https:\/\/www.wg-west.de\/de_ls\/2019\/02\/11\/impressionen-besuch-brillux-bk1-4\/","title":{"rendered":"Impressionen: Besuch Brillux BK1\/4"},"content":{"rendered":"<p>Am 08.02.2019 haben wir, die Klasse BK 1\/4, dass Farbfachgesch\u00e4ft<br \/>\nBrillux in Stuttgart besucht. Dort waren wir von 10 bis ca. 11:30 Uhr.<br \/>\nZun\u00e4chst wurde f\u00fcr uns ein Vortrag \u00fcber das Unternehmen gehalten.<br \/>\nDabei wurde uns auch gesagt und gezeigt, wie man sich am besten f\u00fcr<br \/>\neine Ausbildung bewirbt, also unter anderem worauf wir achten sollten<br \/>\nund was wichtig sei. Sp\u00e4ter wurde unsere Klasse aufgeteilt: Die erste<br \/>\nGruppe ging nach unten zur Rezeption. Dort wurde uns gezeigt, wie man<br \/>\nz. B. einen Auftrag oder eine Lieferung erstellt.<br \/>\nDanach wurde uns von einem Auszubildenden etwas \u00fcber seine Ausbildung<br \/>\nerz\u00e4hlt. Er hat uns auch gezeigt, wie man aus normaler wei\u00dfen Farbe<br \/>\ndie gew\u00fcnschte Farbe bekommt.<br \/>\nDer zweite und letzte Vortrag beinhaltete, wie wir mit Kunden<br \/>\numzugehen haben, also beispielsweise worauf wir achten sollten in<br \/>\neinem Gespr\u00e4ch oder wie man eine angenehme Atmosph\u00e4re schafft.<br \/>\nF\u00fcr uns war es hilfreich zu sehen, worauf Unternehmen bei der<br \/>\nPersonalauswahl wirklich Wert legen &#8211; n\u00e4mlich nicht nur auf die<br \/>\nNoten&#8230;<\/p>\n<p>Lorina Pajaziti BK1\/4<\/p>","protected":false},"excerpt":{"rendered":"<p>Am 08.02.2019 haben wir, die Klasse BK 1\/4, dass Farbfachgesch\u00e4ft Brillux in Stuttgart besucht. Dort waren wir von 10 bis ca. 11:30 Uhr. Zun\u00e4chst wurde f\u00fcr uns ein Vortrag \u00fcber&#8230;<\/p>","protected":false},"author":1,"featured_media":0,"comment_status":"closed","ping_status":"closed","sticky":false,"template":"","format":"standard","meta":{"footnotes":""},"categories":[1],"tags":[196,84,132,68],"class_list":{"0":"post-1329","1":"post","2":"type-post","3":"status-publish","4":"format-standard","6":"category-allgemein","7":"tag-bildungspartnerschaft","8":"tag-bk1","9":"tag-brillux","10":"tag-impressionen"},"_links":{"self":[{"href":"https:\/\/www.wg-west.de\/de_ls\/wp-json\/wp\/v2\/posts\/1329","targetHints":{"allow":["GET"]}}],"collection":[{"href":"https:\/\/www.wg-west.de\/de_ls\/wp-json\/wp\/v2\/posts"}],"about":[{"href":"https:\/\/www.wg-west.de\/de_ls\/wp-json\/wp\/v2\/types\/post"}],"author":[{"embeddable":true,"href":"https:\/\/www.wg-west.de\/de_ls\/wp-json\/wp\/v2\/users\/1"}],"replies":[{"embeddable":true,"href":"https:\/\/www.wg-west.de\/de_ls\/wp-json\/wp\/v2\/comments?post=1329"}],"version-history":[{"count":1,"href":"https:\/\/www.wg-west.de\/de_ls\/wp-json\/wp\/v2\/posts\/1329\/revisions"}],"predecessor-version":[{"id":1330,"href":"https:\/\/www.wg-west.de\/de_ls\/wp-json\/wp\/v2\/posts\/1329\/revisions\/1330"}],"wp:attachment":[{"href":"https:\/\/www.wg-west.de\/de_ls\/wp-json\/wp\/v2\/media?parent=1329"}],"wp:term":[{"taxonomy":"category","embeddable":true,"href":"https:\/\/www.wg-west.de\/de_ls\/wp-json\/wp\/v2\/categories?post=1329"},{"taxonomy":"post_tag","embeddable":true,"href":"https:\/\/www.wg-west.de\/de_ls\/wp-json\/wp\/v2\/tags?post=1329"}],"curies":[{"name":"wp","href":"https:\/\/api.w.org\/{rel}","templated":true}]}}