{"id":1327,"date":"2019-02-11T14:32:49","date_gmt":"2019-02-11T13:32:49","guid":{"rendered":"http:\/\/www.wg-west.de\/?p=1327"},"modified":"2019-02-13T08:45:24","modified_gmt":"2019-02-13T07:45:24","slug":"girls-and-boys-day-am-8-maerz","status":"publish","type":"post","link":"https:\/\/www.wg-west.de\/de_ls\/2019\/02\/11\/girls-and-boys-day-am-8-maerz\/","title":{"rendered":"Girls&#8216; and Boys&#8216; Day am 28. M\u00e4rz"},"content":{"rendered":"<p><span style=\"font-family: sans-serif; font-size: medium;\">Am Donnerstag, den 28. M\u00e4rz 2019 findet f\u00fcr die Gesch\u00e4ftsprozessklassen des BK1 der diesj\u00e4hrige Girls\u2018 and Boys\u2018 Day statt. Ziel des Tages ist es, typische M\u00e4dchen- und typische Jungenberufe kennenzulernen. Allerdings mit vertauschten Rollen: die M\u00e4dchen haben die Gelegenheit sich in Jungenberufen und die Jungen die Gelegenheit sich in vermeintlichen M\u00e4dchenberufen zu erproben. Auch die Sch\u00fclerinnen und Sch\u00fcler der anderen Klassen k\u00f6nnen f\u00fcr die Teilnahme am Girls\u2018 and Boys\u2018 Day beurlaubt werden. N\u00e4here Informationen finden sich unter den Aktionsseiten <\/span><a href=\"http:\/\/www.girls-day.de\/\"><span style=\"font-family: sans-serif; font-size: medium;\">www.girls-day.de<\/span><\/a><span style=\"font-family: sans-serif; font-size: medium;\"> und <\/span><a href=\"http:\/\/www.boys-day.de\/\"><span style=\"color: blue; font-family: sans-serif; font-size: medium;\"><u>www.boys-day.de<\/u><\/span><\/a><span style=\"font-family: sans-serif; font-size: medium;\">.<\/span><\/p>","protected":false},"excerpt":{"rendered":"<p>Am Donnerstag, den 28. M\u00e4rz 2019 findet f\u00fcr die Gesch\u00e4ftsprozessklassen des BK1 der diesj\u00e4hrige Girls\u2018 and Boys\u2018 Day statt. Ziel des Tages ist es, typische M\u00e4dchen- und typische Jungenberufe kennenzulernen&#8230;.<\/p>","protected":false},"author":1,"featured_media":0,"comment_status":"closed","ping_status":"closed","sticky":false,"template":"","format":"standard","meta":{"footnotes":""},"categories":[1],"tags":[84,201,202],"class_list":{"0":"post-1327","1":"post","2":"type-post","3":"status-publish","4":"format-standard","6":"category-allgemein","7":"tag-bk1","8":"tag-geschaeftsprozesse","9":"tag-girls-and-boys-day"},"_links":{"self":[{"href":"https:\/\/www.wg-west.de\/de_ls\/wp-json\/wp\/v2\/posts\/1327","targetHints":{"allow":["GET"]}}],"collection":[{"href":"https:\/\/www.wg-west.de\/de_ls\/wp-json\/wp\/v2\/posts"}],"about":[{"href":"https:\/\/www.wg-west.de\/de_ls\/wp-json\/wp\/v2\/types\/post"}],"author":[{"embeddable":true,"href":"https:\/\/www.wg-west.de\/de_ls\/wp-json\/wp\/v2\/users\/1"}],"replies":[{"embeddable":true,"href":"https:\/\/www.wg-west.de\/de_ls\/wp-json\/wp\/v2\/comments?post=1327"}],"version-history":[{"count":2,"href":"https:\/\/www.wg-west.de\/de_ls\/wp-json\/wp\/v2\/posts\/1327\/revisions"}],"predecessor-version":[{"id":1340,"href":"https:\/\/www.wg-west.de\/de_ls\/wp-json\/wp\/v2\/posts\/1327\/revisions\/1340"}],"wp:attachment":[{"href":"https:\/\/www.wg-west.de\/de_ls\/wp-json\/wp\/v2\/media?parent=1327"}],"wp:term":[{"taxonomy":"category","embeddable":true,"href":"https:\/\/www.wg-west.de\/de_ls\/wp-json\/wp\/v2\/categories?post=1327"},{"taxonomy":"post_tag","embeddable":true,"href":"https:\/\/www.wg-west.de\/de_ls\/wp-json\/wp\/v2\/tags?post=1327"}],"curies":[{"name":"wp","href":"https:\/\/api.w.org\/{rel}","templated":true}]}}