{"id":1317,"date":"2019-02-06T15:50:05","date_gmt":"2019-02-06T14:50:05","guid":{"rendered":"http:\/\/www.wg-west.de\/?p=1317"},"modified":"2019-02-06T15:50:05","modified_gmt":"2019-02-06T14:50:05","slug":"bildungspartnerschaft-zwischen-der-bw-bank-und-dem-wg-west","status":"publish","type":"post","link":"https:\/\/www.wg-west.de\/de_ls\/2019\/02\/06\/bildungspartnerschaft-zwischen-der-bw-bank-und-dem-wg-west\/","title":{"rendered":"Bildungspartnerschaft zwischen der BW Bank und dem WG West"},"content":{"rendered":"<p><span style=\"font-family: sans-serif; font-size: small;\">Unter dem Motto &#8222;Global denken &#8211; lokal handeln&#8220; hat unsere Schule eine Bildungspartnerschaft mit dem BeratungsCenter Westend und der Filiale Moltkeplatz der BW Bank \u00a0abgeschlossen.<\/span><br \/>\n<span style=\"font-family: sans-serif; font-size: small;\">Unser Schulleiter Klaus Beringer unterzeichnet den Vertrag zusammen mit dem Filialdirektor Peter J\u00f6rger. <\/span><\/p>\n<p><span style=\"font-family: sans-serif; font-size: small;\">Die Bank bietet unserer Schule praxisnahe Vortr\u00e4ge zu Unterrichtsthemen, Pl\u00e4tze f\u00fcr Praktika und wir haben vereinbart, gemeinsam mit der Bank Aktivit\u00e4ten im Bereich der Nachhaltigkeit zu gestalten. Eine erste gemeinsame Aktion findet am 04. Februar im Rahmen des Warm Sweater Day statt.<\/span><\/p>\n<p><a href=\"https:\/\/www.stuttgarter-zeitung.de\/inhalt.wg-west-schliesst-bildungspartnerschaft-ab-schueler-beschaeftigten-sich-mit-klimaschutz.658e34ae-65cc-4ea7-8140-d5b1a7fbbf49.html\">Zeitungsartikel in der Stuttgarter Zeitung<\/a><\/p>\n<p>&nbsp;<\/p>","protected":false},"excerpt":{"rendered":"<p>Unter dem Motto &#8222;Global denken &#8211; lokal handeln&#8220; hat unsere Schule eine Bildungspartnerschaft mit dem BeratungsCenter Westend und der Filiale Moltkeplatz der BW Bank \u00a0abgeschlossen. Unser Schulleiter Klaus Beringer unterzeichnet&#8230;<\/p>","protected":false},"author":1,"featured_media":0,"comment_status":"closed","ping_status":"closed","sticky":false,"template":"","format":"standard","meta":{"footnotes":""},"categories":[1],"tags":[199,196,197,198,191],"class_list":{"0":"post-1317","1":"post","2":"type-post","3":"status-publish","4":"format-standard","6":"category-allgemein","7":"tag-beratungscenter-westend","8":"tag-bildungspartnerschaft","9":"tag-bw-bank","10":"tag-stuttgarter-nachrichten","11":"tag-warm-sweater-day"},"_links":{"self":[{"href":"https:\/\/www.wg-west.de\/de_ls\/wp-json\/wp\/v2\/posts\/1317","targetHints":{"allow":["GET"]}}],"collection":[{"href":"https:\/\/www.wg-west.de\/de_ls\/wp-json\/wp\/v2\/posts"}],"about":[{"href":"https:\/\/www.wg-west.de\/de_ls\/wp-json\/wp\/v2\/types\/post"}],"author":[{"embeddable":true,"href":"https:\/\/www.wg-west.de\/de_ls\/wp-json\/wp\/v2\/users\/1"}],"replies":[{"embeddable":true,"href":"https:\/\/www.wg-west.de\/de_ls\/wp-json\/wp\/v2\/comments?post=1317"}],"version-history":[{"count":1,"href":"https:\/\/www.wg-west.de\/de_ls\/wp-json\/wp\/v2\/posts\/1317\/revisions"}],"predecessor-version":[{"id":1318,"href":"https:\/\/www.wg-west.de\/de_ls\/wp-json\/wp\/v2\/posts\/1317\/revisions\/1318"}],"wp:attachment":[{"href":"https:\/\/www.wg-west.de\/de_ls\/wp-json\/wp\/v2\/media?parent=1317"}],"wp:term":[{"taxonomy":"category","embeddable":true,"href":"https:\/\/www.wg-west.de\/de_ls\/wp-json\/wp\/v2\/categories?post=1317"},{"taxonomy":"post_tag","embeddable":true,"href":"https:\/\/www.wg-west.de\/de_ls\/wp-json\/wp\/v2\/tags?post=1317"}],"curies":[{"name":"wp","href":"https:\/\/api.w.org\/{rel}","templated":true}]}}