{"id":1300,"date":"2019-01-24T10:48:19","date_gmt":"2019-01-24T09:48:19","guid":{"rendered":"http:\/\/www.wg-west.de\/?p=1300"},"modified":"2019-01-24T10:48:19","modified_gmt":"2019-01-24T09:48:19","slug":"informationsveranstaltung-zur-gymnasialen-oberstufe","status":"publish","type":"post","link":"https:\/\/www.wg-west.de\/de_ls\/2019\/01\/24\/informationsveranstaltung-zur-gymnasialen-oberstufe\/","title":{"rendered":"Informationsveranstaltung zur gymnasialen Oberstufe"},"content":{"rendered":"<p>Am <strong>Montag, 11.02.2019<\/strong> findet f\u00fcr die Eltern der Eingangsklasse eine Informationsveranstaltung zur gymnasialen Oberstufe statt.<\/p>\n<p><strong>Uhrzeit: 18:30<\/strong><br \/>\nVeranstaltungsort: Pavillon (Geb\u00e4ude im Schulhof)<\/p>\n<p>Die Abteilungsleitern des Wirtschaftsgymnasiums, Frau Haellmigk, und die Oberstufenberaterin, Frau Di Giovanni, werden Sie an diesem Abend \u00fcber alle wichtigen Ver\u00e4nderungen in der Oberstufe sowie \u00fcber die Abituranforderungen informieren.<\/p>\n<p>Wir freuen uns auf Ihr Kommen!<\/p>","protected":false},"excerpt":{"rendered":"<p>Am Montag, 11.02.2019 findet f\u00fcr die Eltern der Eingangsklasse eine Informationsveranstaltung zur gymnasialen Oberstufe statt. Uhrzeit: 18:30 Veranstaltungsort: Pavillon (Geb\u00e4ude im Schulhof) Die Abteilungsleitern des Wirtschaftsgymnasiums, Frau Haellmigk, und die&#8230;<\/p>","protected":false},"author":1,"featured_media":0,"comment_status":"closed","ping_status":"closed","sticky":false,"template":"","format":"standard","meta":{"footnotes":""},"categories":[54],"tags":[195,194,193,83],"class_list":{"0":"post-1300","1":"post","2":"type-post","3":"status-publish","4":"format-standard","6":"category-wg","7":"tag-eltern","8":"tag-information","9":"tag-oberstufe","10":"tag-wirtschaftsgymnasium"},"_links":{"self":[{"href":"https:\/\/www.wg-west.de\/de_ls\/wp-json\/wp\/v2\/posts\/1300","targetHints":{"allow":["GET"]}}],"collection":[{"href":"https:\/\/www.wg-west.de\/de_ls\/wp-json\/wp\/v2\/posts"}],"about":[{"href":"https:\/\/www.wg-west.de\/de_ls\/wp-json\/wp\/v2\/types\/post"}],"author":[{"embeddable":true,"href":"https:\/\/www.wg-west.de\/de_ls\/wp-json\/wp\/v2\/users\/1"}],"replies":[{"embeddable":true,"href":"https:\/\/www.wg-west.de\/de_ls\/wp-json\/wp\/v2\/comments?post=1300"}],"version-history":[{"count":1,"href":"https:\/\/www.wg-west.de\/de_ls\/wp-json\/wp\/v2\/posts\/1300\/revisions"}],"predecessor-version":[{"id":1301,"href":"https:\/\/www.wg-west.de\/de_ls\/wp-json\/wp\/v2\/posts\/1300\/revisions\/1301"}],"wp:attachment":[{"href":"https:\/\/www.wg-west.de\/de_ls\/wp-json\/wp\/v2\/media?parent=1300"}],"wp:term":[{"taxonomy":"category","embeddable":true,"href":"https:\/\/www.wg-west.de\/de_ls\/wp-json\/wp\/v2\/categories?post=1300"},{"taxonomy":"post_tag","embeddable":true,"href":"https:\/\/www.wg-west.de\/de_ls\/wp-json\/wp\/v2\/tags?post=1300"}],"curies":[{"name":"wp","href":"https:\/\/api.w.org\/{rel}","templated":true}]}}