{"id":1235,"date":"2018-12-14T08:01:04","date_gmt":"2018-12-14T07:01:04","guid":{"rendered":"http:\/\/www.wg-west.de\/?p=1235"},"modified":"2018-12-17T07:58:14","modified_gmt":"2018-12-17T06:58:14","slug":"impressionen-uefa-messe-bk1","status":"publish","type":"post","link":"https:\/\/www.wg-west.de\/de_ls\/2018\/12\/14\/impressionen-uefa-messe-bk1\/","title":{"rendered":"Impressionen: \u00dcFA Messe BK1"},"content":{"rendered":"<p><span style=\"font-size: medium;\"><img loading=\"lazy\" decoding=\"async\" class=\"alignnone  wp-image-1240\" src=\"http:\/\/www.wg-west.de\/cms\/wp-content\/uploads\/2018\/12\/\u00dcFA_Messe.jpg\" alt=\"\" width=\"391\" height=\"293\" srcset=\"https:\/\/www.wg-west.de\/cms\/wp-content\/uploads\/2018\/12\/\u00dcFA_Messe.jpg 2016w, https:\/\/www.wg-west.de\/cms\/wp-content\/uploads\/2018\/12\/\u00dcFA_Messe-300x225.jpg 300w, https:\/\/www.wg-west.de\/cms\/wp-content\/uploads\/2018\/12\/\u00dcFA_Messe-768x576.jpg 768w, https:\/\/www.wg-west.de\/cms\/wp-content\/uploads\/2018\/12\/\u00dcFA_Messe-1024x768.jpg 1024w\" sizes=\"auto, (max-width: 391px) 100vw, 391px\" \/><\/span><\/p>\n<p><span style=\"font-size: medium;\">Am 05.12.2018 besuchten wir, die BK 1\/1 und die BK 1\/2, gemeinsam die \u00dcFA Messe.<\/span><br \/>\n<span style=\"font-size: medium;\">Um 7.10 Uhr sa\u00dfen wir p\u00fcnktlich und gut ausger\u00fcstet gemeinsam mit unseren jeweiligen \u00dcFA Lehrerinnen Frau Estermann, Frau Sommer-Freyberg und Frau Schebek-Failmezger im Bus nach Ulm.<\/span><br \/>\n<span style=\"font-size: medium;\">\u00a0<\/span><br \/>\n<span style=\"font-size: medium;\">Jedes Jahr findet an verschiedenen Orten eine \u00dcbungsfirmenmesse statt, an der zahlreiche \u00dcbungsfirmen teilnehmen. Diese Messen sind hervorragend geeignet f\u00fcr einen Einblick in die Welt des Marketings und Vertriebs zu bekommen. Die einzelnen \u00dcbungsfirmen bereiten sich davor auf den Messeeinsatz vor. Sie \u00fcben Verkaufsgespr\u00e4che, erstellen Pl\u00e4ne und Materialien wie Informationsbl\u00e4tter oder Schichteinteilungen. Auf der Messe selbst pr\u00e4sentieren die Teilnehmer ihre \u00dcbungsfirma und f\u00fchren Ein \u2013 und Verkaufsgespr\u00e4che.<\/span><br \/>\n<span style=\"font-size: medium;\">\u00a0<\/span><br \/>\n<span style=\"font-size: medium;\">Besonders der enge Kontakt zu den Kunden und die Kommunikation untereinander, hat uns sehr viel Spa\u00df gemacht. Dazu geh\u00f6rte auch, die Kunden zu beraten und sie von unseren Produkten zu \u00fcberzeugen.Wir haben die Kunden ausf\u00fchrlich \u00fcber diverse Produkte informiert, mit ihnen gemeinsam im Katalog Produkte ausgew\u00e4hlt und ihnen Produkte direkt von unserem Stand angeboten.<\/span><br \/>\n<span style=\"font-size: medium;\">\u00a0<\/span><br \/>\n<span style=\"font-size: medium;\">Alles in allem war der Tag sehr aufschlussreich und lehrreich.<\/span><\/p>","protected":false},"excerpt":{"rendered":"<p>Am 05.12.2018 besuchten wir, die BK 1\/1 und die BK 1\/2, gemeinsam die \u00dcFA Messe. Um 7.10 Uhr sa\u00dfen wir p\u00fcnktlich und gut ausger\u00fcstet gemeinsam mit unseren jeweiligen \u00dcFA Lehrerinnen&#8230;<\/p>","protected":false},"author":1,"featured_media":0,"comment_status":"closed","ping_status":"closed","sticky":false,"template":"","format":"standard","meta":{"footnotes":""},"categories":[1],"tags":[84,68,186,135,184,185,187],"class_list":{"0":"post-1235","1":"post","2":"type-post","3":"status-publish","4":"format-standard","6":"category-allgemein","7":"tag-bk1","8":"tag-impressionen","9":"tag-messe","10":"tag-uebungsfirma","11":"tag-uefa","12":"tag-uefa-messe","13":"tag-ulm"},"_links":{"self":[{"href":"https:\/\/www.wg-west.de\/de_ls\/wp-json\/wp\/v2\/posts\/1235","targetHints":{"allow":["GET"]}}],"collection":[{"href":"https:\/\/www.wg-west.de\/de_ls\/wp-json\/wp\/v2\/posts"}],"about":[{"href":"https:\/\/www.wg-west.de\/de_ls\/wp-json\/wp\/v2\/types\/post"}],"author":[{"embeddable":true,"href":"https:\/\/www.wg-west.de\/de_ls\/wp-json\/wp\/v2\/users\/1"}],"replies":[{"embeddable":true,"href":"https:\/\/www.wg-west.de\/de_ls\/wp-json\/wp\/v2\/comments?post=1235"}],"version-history":[{"count":2,"href":"https:\/\/www.wg-west.de\/de_ls\/wp-json\/wp\/v2\/posts\/1235\/revisions"}],"predecessor-version":[{"id":1241,"href":"https:\/\/www.wg-west.de\/de_ls\/wp-json\/wp\/v2\/posts\/1235\/revisions\/1241"}],"wp:attachment":[{"href":"https:\/\/www.wg-west.de\/de_ls\/wp-json\/wp\/v2\/media?parent=1235"}],"wp:term":[{"taxonomy":"category","embeddable":true,"href":"https:\/\/www.wg-west.de\/de_ls\/wp-json\/wp\/v2\/categories?post=1235"},{"taxonomy":"post_tag","embeddable":true,"href":"https:\/\/www.wg-west.de\/de_ls\/wp-json\/wp\/v2\/tags?post=1235"}],"curies":[{"name":"wp","href":"https:\/\/api.w.org\/{rel}","templated":true}]}}