{"id":1168,"date":"2018-10-11T09:56:54","date_gmt":"2018-10-11T07:56:54","guid":{"rendered":"http:\/\/www.wg-west.de\/?p=1168"},"modified":"2018-10-11T09:56:54","modified_gmt":"2018-10-11T07:56:54","slug":"impressionen-einfuehrungstag-bk1","status":"publish","type":"post","link":"https:\/\/www.wg-west.de\/de_ls\/2018\/10\/11\/impressionen-einfuehrungstag-bk1\/","title":{"rendered":"Impressionen Einf\u00fchrungstag BK1"},"content":{"rendered":"<p><tt><span style=\"font-size: small;\"><img loading=\"lazy\" decoding=\"async\" class=\"alignnone size-medium wp-image-1169\" src=\"http:\/\/www.wg-west.de\/cms\/wp-content\/uploads\/2018\/10\/BK1_1-300x225.jpg\" alt=\"\" width=\"300\" height=\"225\" srcset=\"https:\/\/www.wg-west.de\/cms\/wp-content\/uploads\/2018\/10\/BK1_1-300x225.jpg 300w, https:\/\/www.wg-west.de\/cms\/wp-content\/uploads\/2018\/10\/BK1_1-768x576.jpg 768w, https:\/\/www.wg-west.de\/cms\/wp-content\/uploads\/2018\/10\/BK1_1-1024x768.jpg 1024w, https:\/\/www.wg-west.de\/cms\/wp-content\/uploads\/2018\/10\/BK1_1.jpg 2016w\" sizes=\"auto, (max-width: 300px) 100vw, 300px\" \/><\/span><\/tt><\/p>\n<p><tt><span style=\"font-size: small;\">Unser Tag begann um 9:15 Uhr in Stuttgart. Von dort aus wurden wir in Gruppen eingeteilt und durften eine Stadtrallye machen, f\u00fcr die wir Punkte bekamen, am Ende wurde der Sieger gekr\u00f6nt.W\u00e4hrend der Stadtrallye lernten wir unserer Gruppe besser kennen.Nach Abschluss der Stadtrallye und der Siegerehrung waren wir beim Italiener essen. Auch beim Essen kamen wir in unterhaltsame Gespr\u00e4che. Nach dem Gruppenfoto war der zweite unserer beiden Einf\u00fchrungstage auch schon beendet. Wir verabschiedeten uns und machten uns auf den Weg nach Hause. (Lana BK1\/1) <\/span><\/tt><\/p>","protected":false},"excerpt":{"rendered":"<p>Unser Tag begann um 9:15 Uhr in Stuttgart. Von dort aus wurden wir in Gruppen eingeteilt und durften eine Stadtrallye machen, f\u00fcr die wir Punkte bekamen, am Ende wurde der&#8230;<\/p>","protected":false},"author":1,"featured_media":0,"comment_status":"closed","ping_status":"closed","sticky":false,"template":"","format":"standard","meta":{"footnotes":""},"categories":[1],"tags":[72,84,62,68,172],"class_list":{"0":"post-1168","1":"post","2":"type-post","3":"status-publish","4":"format-standard","6":"category-allgemein","7":"tag-berufskolleg","8":"tag-bk1","9":"tag-einfuehrungstage","10":"tag-impressionen","11":"tag-stadtralley"},"_links":{"self":[{"href":"https:\/\/www.wg-west.de\/de_ls\/wp-json\/wp\/v2\/posts\/1168","targetHints":{"allow":["GET"]}}],"collection":[{"href":"https:\/\/www.wg-west.de\/de_ls\/wp-json\/wp\/v2\/posts"}],"about":[{"href":"https:\/\/www.wg-west.de\/de_ls\/wp-json\/wp\/v2\/types\/post"}],"author":[{"embeddable":true,"href":"https:\/\/www.wg-west.de\/de_ls\/wp-json\/wp\/v2\/users\/1"}],"replies":[{"embeddable":true,"href":"https:\/\/www.wg-west.de\/de_ls\/wp-json\/wp\/v2\/comments?post=1168"}],"version-history":[{"count":1,"href":"https:\/\/www.wg-west.de\/de_ls\/wp-json\/wp\/v2\/posts\/1168\/revisions"}],"predecessor-version":[{"id":1170,"href":"https:\/\/www.wg-west.de\/de_ls\/wp-json\/wp\/v2\/posts\/1168\/revisions\/1170"}],"wp:attachment":[{"href":"https:\/\/www.wg-west.de\/de_ls\/wp-json\/wp\/v2\/media?parent=1168"}],"wp:term":[{"taxonomy":"category","embeddable":true,"href":"https:\/\/www.wg-west.de\/de_ls\/wp-json\/wp\/v2\/categories?post=1168"},{"taxonomy":"post_tag","embeddable":true,"href":"https:\/\/www.wg-west.de\/de_ls\/wp-json\/wp\/v2\/tags?post=1168"}],"curies":[{"name":"wp","href":"https:\/\/api.w.org\/{rel}","templated":true}]}}