{"id":1160,"date":"2018-10-09T13:52:21","date_gmt":"2018-10-09T11:52:21","guid":{"rendered":"http:\/\/www.wg-west.de\/?p=1160"},"modified":"2019-02-04T17:43:54","modified_gmt":"2019-02-04T16:43:54","slug":"tag-der-offenen-tuer-wg-west-open","status":"publish","type":"post","link":"https:\/\/www.wg-west.de\/de_ls\/2018\/10\/09\/tag-der-offenen-tuer-wg-west-open\/","title":{"rendered":"Tag der offenen T\u00fcr &#8211; WG West OPEN: 07.02.19 von 16 bis 19 Uhr"},"content":{"rendered":"<p>Ank\u00fcndigung: Am Donnerstag, 07. Februar 2019 \u00f6ffnen wir von 16 bis 19 Uhr unser Schulhaus in der Roteb\u00fchlstr. 101 wieder f\u00fcr unseren Tag der offenen T\u00fcr!<\/p>\n<p>Alle Informationen zum Ablauf, Veranstaltungen und Informationsvortr\u00e4ge finden Sie in unserem Wegweiser: <a href=\"http:\/\/www.wg-west.de\/cms\/wp-content\/uploads\/2018\/10\/Wegweiser.pdf\">Wegweiser<\/a><\/p>\n<p>Wir w\u00fcrden uns freuen, Sie an unserem Tag der offenen T\u00fcr begr\u00fc\u00dfen zu d\u00fcrfen!<\/p>\n<p><img loading=\"lazy\" decoding=\"async\" class=\"alignnone size-full wp-image-1310\" src=\"http:\/\/www.wg-west.de\/cms\/wp-content\/uploads\/2018\/10\/Veranstaltungen.jpeg\" alt=\"\" width=\"511\" height=\"525\" srcset=\"https:\/\/www.wg-west.de\/cms\/wp-content\/uploads\/2018\/10\/Veranstaltungen.jpeg 511w, https:\/\/www.wg-west.de\/cms\/wp-content\/uploads\/2018\/10\/Veranstaltungen-292x300.jpeg 292w\" sizes=\"auto, (max-width: 511px) 100vw, 511px\" \/><img loading=\"lazy\" decoding=\"async\" class=\"alignnone size-full wp-image-1311\" src=\"http:\/\/www.wg-west.de\/cms\/wp-content\/uploads\/2018\/10\/Informationen.jpeg\" alt=\"\" width=\"516\" height=\"557\" srcset=\"https:\/\/www.wg-west.de\/cms\/wp-content\/uploads\/2018\/10\/Informationen.jpeg 516w, https:\/\/www.wg-west.de\/cms\/wp-content\/uploads\/2018\/10\/Informationen-278x300.jpeg 278w\" sizes=\"auto, (max-width: 516px) 100vw, 516px\" \/><\/p>","protected":false},"excerpt":{"rendered":"<p>Ank\u00fcndigung: Am Donnerstag, 07. Februar 2019 \u00f6ffnen wir von 16 bis 19 Uhr unser Schulhaus in der Roteb\u00fchlstr. 101 wieder f\u00fcr unseren Tag der offenen T\u00fcr! Alle Informationen zum Ablauf,&#8230;<\/p>","protected":false},"author":1,"featured_media":0,"comment_status":"closed","ping_status":"closed","sticky":false,"template":"","format":"standard","meta":{"footnotes":""},"categories":[1],"tags":[171,72,151,101,97,169,170,83],"class_list":{"0":"post-1160","1":"post","2":"type-post","3":"status-publish","4":"format-standard","6":"category-allgemein","7":"tag-berufliches-gymnasium","8":"tag-berufskolleg","9":"tag-berufskolleg-ii","10":"tag-profil-internationales-wirtschaftsgymnasium","11":"tag-tag-der-offenen-tuer","12":"tag-wg-west-open","13":"tag-wirtschaftschule","14":"tag-wirtschaftsgymnasium"},"_links":{"self":[{"href":"https:\/\/www.wg-west.de\/de_ls\/wp-json\/wp\/v2\/posts\/1160","targetHints":{"allow":["GET"]}}],"collection":[{"href":"https:\/\/www.wg-west.de\/de_ls\/wp-json\/wp\/v2\/posts"}],"about":[{"href":"https:\/\/www.wg-west.de\/de_ls\/wp-json\/wp\/v2\/types\/post"}],"author":[{"embeddable":true,"href":"https:\/\/www.wg-west.de\/de_ls\/wp-json\/wp\/v2\/users\/1"}],"replies":[{"embeddable":true,"href":"https:\/\/www.wg-west.de\/de_ls\/wp-json\/wp\/v2\/comments?post=1160"}],"version-history":[{"count":5,"href":"https:\/\/www.wg-west.de\/de_ls\/wp-json\/wp\/v2\/posts\/1160\/revisions"}],"predecessor-version":[{"id":1312,"href":"https:\/\/www.wg-west.de\/de_ls\/wp-json\/wp\/v2\/posts\/1160\/revisions\/1312"}],"wp:attachment":[{"href":"https:\/\/www.wg-west.de\/de_ls\/wp-json\/wp\/v2\/media?parent=1160"}],"wp:term":[{"taxonomy":"category","embeddable":true,"href":"https:\/\/www.wg-west.de\/de_ls\/wp-json\/wp\/v2\/categories?post=1160"},{"taxonomy":"post_tag","embeddable":true,"href":"https:\/\/www.wg-west.de\/de_ls\/wp-json\/wp\/v2\/tags?post=1160"}],"curies":[{"name":"wp","href":"https:\/\/api.w.org\/{rel}","templated":true}]}}