{"id":1031,"date":"2018-07-05T08:42:13","date_gmt":"2018-07-05T06:42:13","guid":{"rendered":"http:\/\/www.wg-west.de\/?p=1031"},"modified":"2018-07-05T08:42:13","modified_gmt":"2018-07-05T06:42:13","slug":"berufskolleg-ii-zeugnisausgabe-am-10-07-2018","status":"publish","type":"post","link":"https:\/\/www.wg-west.de\/de_ls\/2018\/07\/05\/berufskolleg-ii-zeugnisausgabe-am-10-07-2018\/","title":{"rendered":"Berufskolleg II: Zeugnisausgabe am 10.07.2018"},"content":{"rendered":"<p>Herzlichen Grl\u00fcckw\u00fcnsch an alle Sch\u00fclerinnen und Sch\u00fcler zum Bestehen der Pr\u00fcfung der Fachhochschulreife des Jahres 2018!<\/p>\n<p>Die Zeugnis\u00fcbergabe findet am 10.07.2018 um 11.30 Uhr im Pavillon des WG West statt.<br \/>\nWir freuen uns darauf, das Erreichen der Fachhochschulreife mit euch zu feiern.<\/p>","protected":false},"excerpt":{"rendered":"<p>Herzlichen Grl\u00fcckw\u00fcnsch an alle Sch\u00fclerinnen und Sch\u00fcler zum Bestehen der Pr\u00fcfung der Fachhochschulreife des Jahres 2018! Die Zeugnis\u00fcbergabe findet am 10.07.2018 um 11.30 Uhr im Pavillon des WG West statt&#8230;.<\/p>","protected":false},"author":1,"featured_media":0,"comment_status":"closed","ping_status":"closed","sticky":false,"template":"","format":"standard","meta":{"footnotes":""},"categories":[61],"tags":[151,63,152,150],"class_list":{"0":"post-1031","1":"post","2":"type-post","3":"status-publish","4":"format-standard","6":"category-bk2","7":"tag-berufskolleg-ii","8":"tag-bk2","9":"tag-fachhochschulreife","10":"tag-zeugnisausgabe"},"_links":{"self":[{"href":"https:\/\/www.wg-west.de\/de_ls\/wp-json\/wp\/v2\/posts\/1031","targetHints":{"allow":["GET"]}}],"collection":[{"href":"https:\/\/www.wg-west.de\/de_ls\/wp-json\/wp\/v2\/posts"}],"about":[{"href":"https:\/\/www.wg-west.de\/de_ls\/wp-json\/wp\/v2\/types\/post"}],"author":[{"embeddable":true,"href":"https:\/\/www.wg-west.de\/de_ls\/wp-json\/wp\/v2\/users\/1"}],"replies":[{"embeddable":true,"href":"https:\/\/www.wg-west.de\/de_ls\/wp-json\/wp\/v2\/comments?post=1031"}],"version-history":[{"count":1,"href":"https:\/\/www.wg-west.de\/de_ls\/wp-json\/wp\/v2\/posts\/1031\/revisions"}],"predecessor-version":[{"id":1032,"href":"https:\/\/www.wg-west.de\/de_ls\/wp-json\/wp\/v2\/posts\/1031\/revisions\/1032"}],"wp:attachment":[{"href":"https:\/\/www.wg-west.de\/de_ls\/wp-json\/wp\/v2\/media?parent=1031"}],"wp:term":[{"taxonomy":"category","embeddable":true,"href":"https:\/\/www.wg-west.de\/de_ls\/wp-json\/wp\/v2\/categories?post=1031"},{"taxonomy":"post_tag","embeddable":true,"href":"https:\/\/www.wg-west.de\/de_ls\/wp-json\/wp\/v2\/tags?post=1031"}],"curies":[{"name":"wp","href":"https:\/\/api.w.org\/{rel}","templated":true}]}}