{"id":1025,"date":"2018-07-04T13:42:59","date_gmt":"2018-07-04T11:42:59","guid":{"rendered":"http:\/\/www.wg-west.de\/?p=1025"},"modified":"2018-07-04T13:42:59","modified_gmt":"2018-07-04T11:42:59","slug":"abiturfeier-2018","status":"publish","type":"post","link":"https:\/\/www.wg-west.de\/de_ls\/2018\/07\/04\/abiturfeier-2018\/","title":{"rendered":"Abiturfeier 2018"},"content":{"rendered":"<p>Herzlichen Grl\u00fcckw\u00fcnsch an alle Abiturientinnen und Abiturienten des Jahres 2018!<\/p>\n<p>Die Abiturfeier findet am 06.07.2018 um 17.00 Uhr im B\u00fcrgerzentrum West statt.<br \/>\nWir freuen uns darauf, das Erreichen der Hochschulreife mit unseren Abiturientinnen und Abiturienten und deren wichtigsten Unterst\u00fctzer, ihren Eltern, zu feiern.<\/p>","protected":false},"excerpt":{"rendered":"<p>Herzlichen Grl\u00fcckw\u00fcnsch an alle Abiturientinnen und Abiturienten des Jahres 2018! Die Abiturfeier findet am 06.07.2018 um 17.00 Uhr im B\u00fcrgerzentrum West statt. Wir freuen uns darauf, das Erreichen der Hochschulreife&#8230;<\/p>","protected":false},"author":1,"featured_media":0,"comment_status":"closed","ping_status":"closed","sticky":false,"template":"","format":"standard","meta":{"footnotes":""},"categories":[1],"tags":[],"class_list":{"0":"post-1025","1":"post","2":"type-post","3":"status-publish","4":"format-standard","6":"category-allgemein"},"_links":{"self":[{"href":"https:\/\/www.wg-west.de\/de_ls\/wp-json\/wp\/v2\/posts\/1025","targetHints":{"allow":["GET"]}}],"collection":[{"href":"https:\/\/www.wg-west.de\/de_ls\/wp-json\/wp\/v2\/posts"}],"about":[{"href":"https:\/\/www.wg-west.de\/de_ls\/wp-json\/wp\/v2\/types\/post"}],"author":[{"embeddable":true,"href":"https:\/\/www.wg-west.de\/de_ls\/wp-json\/wp\/v2\/users\/1"}],"replies":[{"embeddable":true,"href":"https:\/\/www.wg-west.de\/de_ls\/wp-json\/wp\/v2\/comments?post=1025"}],"version-history":[{"count":1,"href":"https:\/\/www.wg-west.de\/de_ls\/wp-json\/wp\/v2\/posts\/1025\/revisions"}],"predecessor-version":[{"id":1026,"href":"https:\/\/www.wg-west.de\/de_ls\/wp-json\/wp\/v2\/posts\/1025\/revisions\/1026"}],"wp:attachment":[{"href":"https:\/\/www.wg-west.de\/de_ls\/wp-json\/wp\/v2\/media?parent=1025"}],"wp:term":[{"taxonomy":"category","embeddable":true,"href":"https:\/\/www.wg-west.de\/de_ls\/wp-json\/wp\/v2\/categories?post=1025"},{"taxonomy":"post_tag","embeddable":true,"href":"https:\/\/www.wg-west.de\/de_ls\/wp-json\/wp\/v2\/tags?post=1025"}],"curies":[{"name":"wp","href":"https:\/\/api.w.org\/{rel}","templated":true}]}}