{"id":8644,"date":"2026-03-15T11:15:11","date_gmt":"2026-03-15T10:15:11","guid":{"rendered":"https:\/\/www.wg-west.de\/?p=8644"},"modified":"2026-03-15T11:15:11","modified_gmt":"2026-03-15T10:15:11","slug":"uebungsfirmen-messe-in-pforzheim","status":"publish","type":"post","link":"http:\/\/www.wg-west.de\/de_ls\/2026\/03\/15\/uebungsfirmen-messe-in-pforzheim\/","title":{"rendered":"\u00dcbungsfirmen Messe in Pforzheim"},"content":{"rendered":"<div id=\"fws_69f478db28b23\"  data-column-margin=\"default\" data-midnight=\"dark\"  class=\"wpb_row vc_row-fluid vc_row\"  style=\"padding-top: 0px; padding-bottom: 0px; \"><div class=\"row-bg-wrap\" data-bg-animation=\"none\" data-bg-animation-delay=\"\" data-bg-overlay=\"false\"><div class=\"inner-wrap row-bg-layer\" ><div class=\"row-bg viewport-desktop\"  style=\"\"><\/div><\/div><\/div><div class=\"row_col_wrap_12 col span_12 dark left\">\n\t<div  class=\"vc_col-sm-12 wpb_column column_container vc_column_container col no-extra-padding inherit_tablet inherit_phone flex_gap_desktop_10px\"  data-padding-pos=\"all\" data-has-bg-color=\"false\" data-bg-color=\"\" data-bg-opacity=\"1\" data-animation=\"\" data-delay=\"0\" >\n\t\t<div class=\"vc_column-inner\" >\n\t\t\t<div class=\"wpb_wrapper\">\n\t\t\t\t\n\t<div class=\"wpb_gallery wpb_content_element clearfix\">\n\t\t<div class=\"wpb_wrapper\"><div class=\"wpb_gallery_slides wpb_flexslider flex-gallery flexslider\" data-onclick=\"link_no\" data-interval=\"5\" data-flex_fx=\"fade\"><ul class=\"slides\" data-d-autorotate=\"\"><li><img decoding=\"async\" class=\"skip-lazy\" src=\"https:\/\/www.wg-west.de\/cms\/wp-content\/uploads\/2026\/03\/IMG_6162-scaled-600x400.jpeg\" width=\"600\" height=\"400\" alt=\"IMG_6162\" title=\"IMG_6162\" loading=\"lazy\" \/><\/li><li><img decoding=\"async\" class=\"skip-lazy\" src=\"https:\/\/www.wg-west.de\/cms\/wp-content\/uploads\/2026\/03\/IMG_6181-scaled-600x400.jpeg\" width=\"600\" height=\"400\" alt=\"IMG_6181\" title=\"IMG_6181\" loading=\"lazy\" \/><\/li><li><img decoding=\"async\" class=\"skip-lazy\" src=\"https:\/\/www.wg-west.de\/cms\/wp-content\/uploads\/2026\/03\/IMG_6176-scaled-600x400.jpeg\" width=\"600\" height=\"400\" alt=\"IMG_6176\" title=\"IMG_6176\" loading=\"lazy\" \/><\/li><li><img decoding=\"async\" class=\"skip-lazy\" src=\"https:\/\/www.wg-west.de\/cms\/wp-content\/uploads\/2026\/03\/IMG_6154-scaled-600x400.jpeg\" width=\"600\" height=\"400\" alt=\"IMG_6154\" title=\"IMG_6154\" loading=\"lazy\" \/><\/li><li><img decoding=\"async\" class=\"skip-lazy\" src=\"https:\/\/www.wg-west.de\/cms\/wp-content\/uploads\/2026\/03\/IMG_4001-scaled-600x400.jpeg\" width=\"600\" height=\"400\" alt=\"IMG_4001\" title=\"IMG_4001\" loading=\"lazy\" \/><\/li><\/ul><\/div>\n\t\t<\/div> \n\t<\/div> \n\t\t\t<\/div> \n\t\t<\/div>\n\t<\/div> \n<\/div><\/div>\n\t\t<div id=\"fws_69f478db3064b\"  data-column-margin=\"default\" data-midnight=\"dark\"  class=\"wpb_row vc_row-fluid vc_row\"  style=\"padding-top: 0px; padding-bottom: 0px; \"><div class=\"row-bg-wrap\" data-bg-animation=\"none\" data-bg-animation-delay=\"\" data-bg-overlay=\"false\"><div class=\"inner-wrap row-bg-layer\" ><div class=\"row-bg viewport-desktop\"  style=\"\"><\/div><\/div><\/div><div class=\"row_col_wrap_12 col span_12 dark left\">\n\t<div  class=\"vc_col-sm-12 wpb_column column_container vc_column_container col no-extra-padding inherit_tablet inherit_phone flex_gap_desktop_10px\"  data-padding-pos=\"all\" data-has-bg-color=\"false\" data-bg-color=\"\" data-bg-opacity=\"1\" data-animation=\"\" data-delay=\"0\" >\n\t\t<div class=\"vc_column-inner\" >\n\t\t\t<div class=\"wpb_wrapper\">\n\t\t\t\t\n<div class=\"wpb_text_column wpb_content_element\" >\n\t<p class=\"isSelectedEnd\">Am 11.03.2026 nahmen unsere \u00dcbungsfirmen Il Libro meets Tritschling GmbH und West 4 Best GmbH an der \u00dcbungsfirmenmesse in Pforzheim teil. Beide \u00dcbungsfirmen waren mit einem eigenen Messestand vertreten und pr\u00e4sentierten dort ihre Produkte sowie ihre Gesch\u00e4ftskonzepte. Mit dabei waren die Klassen BK1\/1 und BK1\/2 sowie einige Sch\u00fclerinnen und Sch\u00fcler der BK2\/1.<\/p>\n<p class=\"isSelectedEnd\">W\u00e4hrend der Messe hatten die Sch\u00fclerinnen und Sch\u00fcler die M\u00f6glichkeit, ihre \u00dcbungsfirmen vorzustellen, sich mit anderen \u00dcbungsfirmen auszutauschen und viele interessante Gespr\u00e4che zu f\u00fchren. Dabei konnten auch neue Gesch\u00e4ftskontakte gekn\u00fcpft werden.<\/p>\n<p>Dar\u00fcber hinaus sammelten die Sch\u00fclerinnen und Sch\u00fcler praktische Erfahrungen im Bereich Verkauf, Marketing und Kundenkommunikation. Die Teilnahme an der Messe war f\u00fcr beide \u00dcbungsfirmen eine wertvolle Erfahrung und bot eine gute Gelegenheit, das im Unterricht erlernte Wissen in einer realit\u00e4tsnahen Situation anzuwenden.<\/p>\n<\/div>\n\n\n\n\n\t\t\t<\/div> \n\t\t<\/div>\n\t<\/div> \n<\/div><\/div>\n\t\t<div id=\"fws_69f478db31f19\"  data-column-margin=\"default\" data-midnight=\"dark\"  class=\"wpb_row vc_row-fluid vc_row\"  style=\"padding-top: 0px; padding-bottom: 0px; \"><div class=\"row-bg-wrap\" data-bg-animation=\"none\" data-bg-animation-delay=\"\" data-bg-overlay=\"false\"><div class=\"inner-wrap row-bg-layer\" ><div class=\"row-bg viewport-desktop\"  style=\"\"><\/div><\/div><\/div><div class=\"row_col_wrap_12 col span_12 dark left\">\n\t<div  class=\"vc_col-sm-12 wpb_column column_container vc_column_container col no-extra-padding inherit_tablet inherit_phone flex_gap_desktop_10px\"  data-padding-pos=\"all\" data-has-bg-color=\"false\" data-bg-color=\"\" data-bg-opacity=\"1\" data-animation=\"\" data-delay=\"0\" >\n\t\t<div class=\"vc_column-inner\" >\n\t\t\t<div class=\"wpb_wrapper\">\n\t\t\t\t<div class=\"divider-wrap\" data-alignment=\"default\"><div style=\"height: 25px;\" class=\"divider\"><\/div><\/div>\n\t\t\t<\/div> \n\t\t<\/div>\n\t<\/div> \n<\/div><\/div>\n\t\t<div id=\"fws_69f478db3341f\"  data-column-margin=\"default\" data-midnight=\"dark\"  class=\"wpb_row vc_row-fluid vc_row\"  style=\"padding-top: 0px; padding-bottom: 0px; \"><div class=\"row-bg-wrap\" data-bg-animation=\"none\" data-bg-animation-delay=\"\" data-bg-overlay=\"false\"><div class=\"inner-wrap row-bg-layer\" ><div class=\"row-bg viewport-desktop\"  style=\"\"><\/div><\/div><\/div><div class=\"row_col_wrap_12 col span_12 dark left\">\n\t<div  class=\"vc_col-sm-12 wpb_column column_container vc_column_container col no-extra-padding inherit_tablet inherit_phone flex_gap_desktop_10px\"  data-padding-pos=\"all\" data-has-bg-color=\"false\" data-bg-color=\"\" data-bg-opacity=\"1\" data-animation=\"\" data-delay=\"0\" >\n\t\t<div class=\"vc_column-inner\" >\n\t\t\t<div class=\"wpb_wrapper\">\n\t\t\t\t\n<div class=\"wpb_text_column wpb_content_element\" >\n\t<p><em>Text und Bilder: SWE<\/em><\/p>\n<\/div>\n\n\n\n\n\t\t\t<\/div> \n\t\t<\/div>\n\t<\/div> \n<\/div><\/div>","protected":false},"excerpt":{"rendered":"Am 11.03.2026 nahmen unsere \u00dcbungsfirmen Il Libro meets Tritschling GmbH und West 4 Best GmbH an der \u00dcbungsfirmenmesse in Pforzheim teil. Beide \u00dcbungsfirmen waren mit einem eigenen Messestand vertreten und...","protected":false},"author":4,"featured_media":0,"comment_status":"closed","ping_status":"closed","sticky":false,"template":"","format":"standard","meta":{"footnotes":""},"categories":[210,61],"tags":[],"class_list":{"0":"post-8644","1":"post","2":"type-post","3":"status-publish","4":"format-standard","6":"category-bk1","7":"category-bk2"},"_links":{"self":[{"href":"http:\/\/www.wg-west.de\/de_ls\/wp-json\/wp\/v2\/posts\/8644","targetHints":{"allow":["GET"]}}],"collection":[{"href":"http:\/\/www.wg-west.de\/de_ls\/wp-json\/wp\/v2\/posts"}],"about":[{"href":"http:\/\/www.wg-west.de\/de_ls\/wp-json\/wp\/v2\/types\/post"}],"author":[{"embeddable":true,"href":"http:\/\/www.wg-west.de\/de_ls\/wp-json\/wp\/v2\/users\/4"}],"replies":[{"embeddable":true,"href":"http:\/\/www.wg-west.de\/de_ls\/wp-json\/wp\/v2\/comments?post=8644"}],"version-history":[{"count":2,"href":"http:\/\/www.wg-west.de\/de_ls\/wp-json\/wp\/v2\/posts\/8644\/revisions"}],"predecessor-version":[{"id":8656,"href":"http:\/\/www.wg-west.de\/de_ls\/wp-json\/wp\/v2\/posts\/8644\/revisions\/8656"}],"wp:attachment":[{"href":"http:\/\/www.wg-west.de\/de_ls\/wp-json\/wp\/v2\/media?parent=8644"}],"wp:term":[{"taxonomy":"category","embeddable":true,"href":"http:\/\/www.wg-west.de\/de_ls\/wp-json\/wp\/v2\/categories?post=8644"},{"taxonomy":"post_tag","embeddable":true,"href":"http:\/\/www.wg-west.de\/de_ls\/wp-json\/wp\/v2\/tags?post=8644"}],"curies":[{"name":"wp","href":"https:\/\/api.w.org\/{rel}","templated":true}]}}