{"id":860,"date":"2017-12-09T18:06:10","date_gmt":"2017-12-09T17:06:10","guid":{"rendered":"http:\/\/www.wg-west.de\/?p=860"},"modified":"2026-04-13T13:09:04","modified_gmt":"2026-04-13T11:09:04","slug":"aus-dem-schulleben-fernost-stand-auf-dem-stundenplan","status":"publish","type":"post","link":"http:\/\/www.wg-west.de\/de_ls\/2017\/12\/09\/aus-dem-schulleben-fernost-stand-auf-dem-stundenplan\/","title":{"rendered":"Aus dem Schulleben: Fernost stand auf dem Stundenplan"},"content":{"rendered":"<div id=\"fws_69f493ecb7c03\"  data-column-margin=\"default\" data-midnight=\"dark\"  class=\"wpb_row vc_row-fluid vc_row\"  style=\"padding-top: 0px; padding-bottom: 0px; \"><div class=\"row-bg-wrap\" data-bg-animation=\"none\" data-bg-animation-delay=\"\" data-bg-overlay=\"false\"><div class=\"inner-wrap row-bg-layer\" ><div class=\"row-bg viewport-desktop\"  style=\"\"><\/div><\/div><\/div><div class=\"row_col_wrap_12 col span_12 dark left\">\n\t<div  class=\"vc_col-sm-12 wpb_column column_container vc_column_container col no-extra-padding inherit_tablet inherit_phone flex_gap_desktop_10px\"  data-padding-pos=\"all\" data-has-bg-color=\"false\" data-bg-color=\"\" data-bg-opacity=\"1\" data-animation=\"\" data-delay=\"0\" >\n\t\t<div class=\"vc_column-inner\" >\n\t\t\t<div class=\"wpb_wrapper\">\n\t\t\t\t\n<div class=\"wpb_text_column wpb_content_element\" >\n\t<p>Eine Gruppe von 21 erwartungsvollen Sch\u00fclerinnen und Sch\u00fclern aus der Jahrgangsstufe 1 besuchte vom 20.10. bis 04.11.2017 die Volksrepublik China, um Land und Leute, aber auch eine chinesische Schule zu erkunden.<!--more--><\/p>\n<p>Stationen der Reise waren die St\u00e4dte: Shanghai, Suzhou, Hangzhou, X\u2019ian und die Hauptstadt Peking.<\/p>\n<p>Neben der Besichtigung von bedeutenden Sehensw\u00fcrdigkeiten waren die Sch\u00fclerinnen und Sch\u00fcler vier N\u00e4chte in einer chinesischen Gastfamilie untergebracht und nahmen am Unterricht der Tangqi High School in der Stadt Hangzhou teil. Dabei erhielten sie Einblicke in den Alltag der chinesischen Jugendlichen und ihrer Familien.<!--more--><\/p>\n<p>Im Juli 2018 erwarten wir den Gegenbesuch der chinesischen Gruppe am Wirtschaftsgymnasium West, wo die Sch\u00fclerinnen und Sch\u00fcler ihren Austauschpartner bei sich aufnehmen werden, damit auch die Chinesen die deutsche Kultur besser kennen lernen k\u00f6nnen.<\/p>\n<p>Die Reise durch das \u201eReich der Mitte\u201c hat alle sehr beeindruckt und gezeigt, dass \u00fcber alle kulturellen Grenzen und Sprachbarrieren hinweg Kommunikation und gemeinsames Erleben m\u00f6glich sind.<\/p>\n<p>In der n\u00e4chsten Sch\u00fclerzeitung wird noch ausf\u00fchrlicher dar\u00fcber berichtet werden.<\/p>\n<p>Selina Wurster, JG 1\/3<\/p>\n<p><img loading=\"lazy\" decoding=\"async\" class=\"alignnone size-medium wp-image-899\" src=\"http:\/\/www.wg-west.de\/cms\/wp-content\/uploads\/2017\/12\/IMG-20171203-WA0018-225x300.jpg\" alt=\"\" width=\"225\" height=\"300\" srcset=\"https:\/\/www.wg-west.de\/cms\/wp-content\/uploads\/2017\/12\/IMG-20171203-WA0018-225x300.jpg 225w, https:\/\/www.wg-west.de\/cms\/wp-content\/uploads\/2017\/12\/IMG-20171203-WA0018-768x1024.jpg 768w, https:\/\/www.wg-west.de\/cms\/wp-content\/uploads\/2017\/12\/IMG-20171203-WA0018.jpg 960w\" sizes=\"auto, (max-width: 225px) 100vw, 225px\" \/><img loading=\"lazy\" decoding=\"async\" class=\"alignnone size-medium wp-image-900\" src=\"http:\/\/www.wg-west.de\/cms\/wp-content\/uploads\/2017\/12\/IMG-20171203-WA0019-300x169.jpg\" alt=\"\" width=\"300\" height=\"169\" srcset=\"https:\/\/www.wg-west.de\/cms\/wp-content\/uploads\/2017\/12\/IMG-20171203-WA0019-300x169.jpg 300w, https:\/\/www.wg-west.de\/cms\/wp-content\/uploads\/2017\/12\/IMG-20171203-WA0019-768x432.jpg 768w, https:\/\/www.wg-west.de\/cms\/wp-content\/uploads\/2017\/12\/IMG-20171203-WA0019-1024x576.jpg 1024w, https:\/\/www.wg-west.de\/cms\/wp-content\/uploads\/2017\/12\/IMG-20171203-WA0019.jpg 1280w\" sizes=\"auto, (max-width: 300px) 100vw, 300px\" \/><img loading=\"lazy\" decoding=\"async\" class=\"alignnone size-medium wp-image-901\" src=\"http:\/\/www.wg-west.de\/cms\/wp-content\/uploads\/2017\/12\/IMG-20171203-WA0020-300x240.jpg\" alt=\"\" width=\"300\" height=\"240\" srcset=\"https:\/\/www.wg-west.de\/cms\/wp-content\/uploads\/2017\/12\/IMG-20171203-WA0020-300x240.jpg 300w, https:\/\/www.wg-west.de\/cms\/wp-content\/uploads\/2017\/12\/IMG-20171203-WA0020-768x615.jpg 768w, https:\/\/www.wg-west.de\/cms\/wp-content\/uploads\/2017\/12\/IMG-20171203-WA0020-1024x820.jpg 1024w, https:\/\/www.wg-west.de\/cms\/wp-content\/uploads\/2017\/12\/IMG-20171203-WA0020.jpg 1280w\" sizes=\"auto, (max-width: 300px) 100vw, 300px\" \/><img loading=\"lazy\" decoding=\"async\" class=\"alignnone size-medium wp-image-902\" src=\"http:\/\/www.wg-west.de\/cms\/wp-content\/uploads\/2017\/12\/IMG-20171203-WA0021-300x225.jpg\" alt=\"\" width=\"300\" height=\"225\" srcset=\"https:\/\/www.wg-west.de\/cms\/wp-content\/uploads\/2017\/12\/IMG-20171203-WA0021-300x225.jpg 300w, https:\/\/www.wg-west.de\/cms\/wp-content\/uploads\/2017\/12\/IMG-20171203-WA0021-768x576.jpg 768w, https:\/\/www.wg-west.de\/cms\/wp-content\/uploads\/2017\/12\/IMG-20171203-WA0021-1024x768.jpg 1024w, https:\/\/www.wg-west.de\/cms\/wp-content\/uploads\/2017\/12\/IMG-20171203-WA0021.jpg 1280w\" sizes=\"auto, (max-width: 300px) 100vw, 300px\" \/><img loading=\"lazy\" decoding=\"async\" class=\"alignnone size-medium wp-image-903\" src=\"http:\/\/www.wg-west.de\/cms\/wp-content\/uploads\/2017\/12\/IMG-20171203-WA0022-169x300.jpg\" alt=\"\" width=\"169\" height=\"300\" srcset=\"https:\/\/www.wg-west.de\/cms\/wp-content\/uploads\/2017\/12\/IMG-20171203-WA0022-169x300.jpg 169w, https:\/\/www.wg-west.de\/cms\/wp-content\/uploads\/2017\/12\/IMG-20171203-WA0022-576x1024.jpg 576w, https:\/\/www.wg-west.de\/cms\/wp-content\/uploads\/2017\/12\/IMG-20171203-WA0022.jpg 720w\" sizes=\"auto, (max-width: 169px) 100vw, 169px\" \/><img loading=\"lazy\" decoding=\"async\" class=\"alignnone size-medium wp-image-904\" src=\"http:\/\/www.wg-west.de\/cms\/wp-content\/uploads\/2017\/12\/IMG-20171203-WA0023-300x225.jpg\" alt=\"\" width=\"300\" height=\"225\" srcset=\"https:\/\/www.wg-west.de\/cms\/wp-content\/uploads\/2017\/12\/IMG-20171203-WA0023-300x225.jpg 300w, https:\/\/www.wg-west.de\/cms\/wp-content\/uploads\/2017\/12\/IMG-20171203-WA0023-768x576.jpg 768w, https:\/\/www.wg-west.de\/cms\/wp-content\/uploads\/2017\/12\/IMG-20171203-WA0023-1024x768.jpg 1024w, https:\/\/www.wg-west.de\/cms\/wp-content\/uploads\/2017\/12\/IMG-20171203-WA0023.jpg 1280w\" sizes=\"auto, (max-width: 300px) 100vw, 300px\" \/><\/p>\n<p>&nbsp;<\/p>\n<p>&nbsp;<\/p>\n<p>&nbsp;<\/p>\n<p>&nbsp;<\/p>\n<p>&nbsp;<\/p>\n<\/div>\n\n\n\n\n\t\t\t<\/div> \n\t\t<\/div>\n\t<\/div> \n<\/div><\/div>","protected":false},"excerpt":{"rendered":"<p>Eine Gruppe von 21 erwartungsvollen Sch\u00fclerinnen und Sch\u00fclern aus der Jahrgangsstufe 1 besuchte vom 20.10. bis 04.11.2017 die Volksrepublik China, um Land und Leute, aber auch eine chinesische Schule zu&#8230;<\/p>","protected":false},"author":1,"featured_media":0,"comment_status":"closed","ping_status":"closed","sticky":false,"template":"","format":"standard","meta":{"footnotes":""},"categories":[1,54],"tags":[89,90,92,91,83],"class_list":{"0":"post-860","1":"post","2":"type-post","3":"status-publish","4":"format-standard","6":"category-allgemein","7":"category-wg","8":"tag-china","9":"tag-schueleraustausch","10":"tag-schuelerzeitung","11":"tag-wg","12":"tag-wirtschaftsgymnasium"},"_links":{"self":[{"href":"http:\/\/www.wg-west.de\/de_ls\/wp-json\/wp\/v2\/posts\/860","targetHints":{"allow":["GET"]}}],"collection":[{"href":"http:\/\/www.wg-west.de\/de_ls\/wp-json\/wp\/v2\/posts"}],"about":[{"href":"http:\/\/www.wg-west.de\/de_ls\/wp-json\/wp\/v2\/types\/post"}],"author":[{"embeddable":true,"href":"http:\/\/www.wg-west.de\/de_ls\/wp-json\/wp\/v2\/users\/1"}],"replies":[{"embeddable":true,"href":"http:\/\/www.wg-west.de\/de_ls\/wp-json\/wp\/v2\/comments?post=860"}],"version-history":[{"count":3,"href":"http:\/\/www.wg-west.de\/de_ls\/wp-json\/wp\/v2\/posts\/860\/revisions"}],"predecessor-version":[{"id":8664,"href":"http:\/\/www.wg-west.de\/de_ls\/wp-json\/wp\/v2\/posts\/860\/revisions\/8664"}],"wp:attachment":[{"href":"http:\/\/www.wg-west.de\/de_ls\/wp-json\/wp\/v2\/media?parent=860"}],"wp:term":[{"taxonomy":"category","embeddable":true,"href":"http:\/\/www.wg-west.de\/de_ls\/wp-json\/wp\/v2\/categories?post=860"},{"taxonomy":"post_tag","embeddable":true,"href":"http:\/\/www.wg-west.de\/de_ls\/wp-json\/wp\/v2\/tags?post=860"}],"curies":[{"name":"wp","href":"https:\/\/api.w.org\/{rel}","templated":true}]}}