{"id":836,"date":"2017-11-15T15:00:20","date_gmt":"2017-11-15T14:00:20","guid":{"rendered":"http:\/\/www.wg-west.de\/?p=836"},"modified":"2017-11-15T15:00:20","modified_gmt":"2017-11-15T14:00:20","slug":"studientag-am-22-11-2017","status":"publish","type":"post","link":"http:\/\/www.wg-west.de\/de_ls\/2017\/11\/15\/studientag-am-22-11-2017\/","title":{"rendered":"Studientag am 22.11.2017"},"content":{"rendered":"<p><span style=\"font-family: Calibri; font-size: medium;\">Am\u00a0<b><u>Mittwoch, den 22. November 2017<\/u><\/b>\u00a0findet der diesj\u00e4hrige\u00a0<b><u>Studientag<\/u><\/b>\u00a0statt. An diesem Tag informieren die Dualen Hochschulen, Fachhochschulen und Universit\u00e4ten der Region die Sch\u00fclerinnen und Sch\u00fcler der Jahrgangsstufen 1 und 2 und des BK 2 \u00fcber ihre Studieng\u00e4nge.<\/span><\/p>\n<p><span style=\"font-family: Calibri; font-size: medium;\"><b>Informationen<\/b>\u00a0\u00fcber das gesamte Angebot zum Studientag gibt es unten dem Link\u00a0<\/span><a href=\"http:\/\/www.studieninfotag.de\/\"><span style=\"color: blue; font-family: Calibri; font-size: medium;\"><u>http:\/\/www.studieninfotag.de<\/u><\/span><\/a><span style=\"font-family: Calibri; font-size: medium;\">. <\/span><\/p>\n<p><!--more--><\/p>\n<p><span style=\"font-family: Calibri; font-size: medium;\">Auf dieser Seite auf den Reiter \u201eVeranstaltungen\u201c klicken. Hier werden alle Hochschulen aufgez\u00e4hlt, die an diesem Tag Informationsveranstaltungen anbieten. Das genaue Programm der jeweiligen Institution, die genaue Adresse, den Veranstaltungsort und die Zeiten ist dann auf den Seiten der jeweiligen Hochschule zu finden.<\/span><\/p>\n<p><span style=\"font-family: Calibri; font-size: medium;\">Bei den meisten Universit\u00e4ten und Hochschulen muss man sich in der Regel nicht anmelden, sondern kann einfach hingehen. Bei einigen Hochschulen muss man sich anmelden, wie das geht, wird genau erkl\u00e4rt. Achtung! Die Anmeldung muss in der Regel ein bis zwei Wochen vor der Veranstaltung erfolgen.<\/span><\/p>\n<p><span style=\"font-family: Calibri; font-size: medium;\">Weitere Informationen zum Studium in Baden-W\u00fcrttemberg finden sich auf der Seite\u00a0<\/span><a href=\"http:\/\/www.studieninfo-bw.de\/\"><span style=\"color: blue; font-family: Calibri; font-size: medium;\"><u>www.studieninfo-bw.de<\/u><\/span><\/a><span style=\"font-family: Calibri; font-size: medium;\">. Au\u00dferdem\u00a0<b>liegt im Aufenthaltsraum die aktuelle Ausgabe Studien- &amp; Berufswahl.<\/b><\/span><\/p>\n<p><span style=\"font-family: Calibri; font-size: medium;\">Wer am Studientag einer Dualen Hochschule, Fachhochschule oder Universit\u00e4t teilnimmt, ist f\u00fcr diesen Tag vom Unterricht beurlaubt. Da die Hochschulen in der Regel keine Anwesenheitsbescheinigungen ausstellen, muss bitte mit dem Klassenlehrer gekl\u00e4rt werden, wie die Teilnahme nachgewiesen werden kann.\u00a0<\/span><\/p>\n<p><span style=\"font-family: Calibri; font-size: medium;\">Viel Freude beim Studientag<\/span><\/p>","protected":false},"excerpt":{"rendered":"<p>Am\u00a0Mittwoch, den 22. November 2017\u00a0findet der diesj\u00e4hrige\u00a0Studientag\u00a0statt. An diesem Tag informieren die Dualen Hochschulen, Fachhochschulen und Universit\u00e4ten der Region die Sch\u00fclerinnen und Sch\u00fcler der Jahrgangsstufen 1 und 2 und des&#8230;<\/p>","protected":false},"author":1,"featured_media":0,"comment_status":"closed","ping_status":"closed","sticky":false,"template":"","format":"standard","meta":{"footnotes":""},"categories":[1],"tags":[77,78,76],"class_list":{"0":"post-836","1":"post","2":"type-post","3":"status-publish","4":"format-standard","6":"category-allgemein","7":"tag-hochschulen","8":"tag-studieninfo","9":"tag-studientag"},"_links":{"self":[{"href":"http:\/\/www.wg-west.de\/de_ls\/wp-json\/wp\/v2\/posts\/836","targetHints":{"allow":["GET"]}}],"collection":[{"href":"http:\/\/www.wg-west.de\/de_ls\/wp-json\/wp\/v2\/posts"}],"about":[{"href":"http:\/\/www.wg-west.de\/de_ls\/wp-json\/wp\/v2\/types\/post"}],"author":[{"embeddable":true,"href":"http:\/\/www.wg-west.de\/de_ls\/wp-json\/wp\/v2\/users\/1"}],"replies":[{"embeddable":true,"href":"http:\/\/www.wg-west.de\/de_ls\/wp-json\/wp\/v2\/comments?post=836"}],"version-history":[{"count":1,"href":"http:\/\/www.wg-west.de\/de_ls\/wp-json\/wp\/v2\/posts\/836\/revisions"}],"predecessor-version":[{"id":837,"href":"http:\/\/www.wg-west.de\/de_ls\/wp-json\/wp\/v2\/posts\/836\/revisions\/837"}],"wp:attachment":[{"href":"http:\/\/www.wg-west.de\/de_ls\/wp-json\/wp\/v2\/media?parent=836"}],"wp:term":[{"taxonomy":"category","embeddable":true,"href":"http:\/\/www.wg-west.de\/de_ls\/wp-json\/wp\/v2\/categories?post=836"},{"taxonomy":"post_tag","embeddable":true,"href":"http:\/\/www.wg-west.de\/de_ls\/wp-json\/wp\/v2\/tags?post=836"}],"curies":[{"name":"wp","href":"https:\/\/api.w.org\/{rel}","templated":true}]}}