{"id":781,"date":"2017-10-13T13:06:32","date_gmt":"2017-10-13T11:06:32","guid":{"rendered":"http:\/\/www.wg-west.de\/?p=781"},"modified":"2017-11-11T10:48:43","modified_gmt":"2017-11-11T09:48:43","slug":"impressionen-einfuehrungstage-bk2-im-audi-wert-neckarsulm","status":"publish","type":"post","link":"http:\/\/www.wg-west.de\/de_ls\/2017\/10\/13\/impressionen-einfuehrungstage-bk2-im-audi-wert-neckarsulm\/","title":{"rendered":"Impressionen: Einf\u00fchrungstage BK2 im Audi-Wert Neckarsulm"},"content":{"rendered":"<p><img loading=\"lazy\" decoding=\"async\" class=\"alignnone size-medium wp-image-782\" src=\"http:\/\/www.wg-west.de\/cms\/wp-content\/uploads\/2017\/10\/Audi-Exkursion-Neckarsulm01-300x200.jpg\" alt=\"\" width=\"300\" height=\"200\" srcset=\"https:\/\/www.wg-west.de\/cms\/wp-content\/uploads\/2017\/10\/Audi-Exkursion-Neckarsulm01-300x200.jpg 300w, https:\/\/www.wg-west.de\/cms\/wp-content\/uploads\/2017\/10\/Audi-Exkursion-Neckarsulm01-768x512.jpg 768w, https:\/\/www.wg-west.de\/cms\/wp-content\/uploads\/2017\/10\/Audi-Exkursion-Neckarsulm01-1024x683.jpg 1024w\" sizes=\"auto, (max-width: 300px) 100vw, 300px\" \/><\/p>\n<p>Am 28.09. besuchten 26 Sch\u00fclern des kaufm\u00e4nnischen Berufskollegs im Rahmen der Einf\u00fchrungstage das Audi-Werk.<!--more-->Audi, einer der wichtigsten Arbeitgeber in der Region mittlerer Neckar, hat in Neckarsulm nicht nur seine wichtigste Produktionsst\u00e4tte, sondern auch ein Besuchszentrum (Audi-Forum) mit angeschlossenem Museum. Interessant ist die Werksbesichtigung mit riesigem Presswerk, Lackiererei, der Endmontage sowie umfassender Qualit\u00e4tssicherung.<br \/>\nAls besonderen Service durften die Sch\u00fcler in der hauseigenen Kantine ein hervorragendes Mittagessen zu sich nehmen.<\/p>\n<p><img loading=\"lazy\" decoding=\"async\" class=\"alignnone size-medium wp-image-783\" src=\"http:\/\/www.wg-west.de\/cms\/wp-content\/uploads\/2017\/10\/Audi-Exkursion-Neckarsulm02-300x200.jpg\" alt=\"\" width=\"300\" height=\"200\" srcset=\"https:\/\/www.wg-west.de\/cms\/wp-content\/uploads\/2017\/10\/Audi-Exkursion-Neckarsulm02-300x200.jpg 300w, https:\/\/www.wg-west.de\/cms\/wp-content\/uploads\/2017\/10\/Audi-Exkursion-Neckarsulm02-768x512.jpg 768w, https:\/\/www.wg-west.de\/cms\/wp-content\/uploads\/2017\/10\/Audi-Exkursion-Neckarsulm02-1024x683.jpg 1024w\" sizes=\"auto, (max-width: 300px) 100vw, 300px\" \/><img loading=\"lazy\" decoding=\"async\" class=\"alignnone size-medium wp-image-784\" src=\"http:\/\/www.wg-west.de\/cms\/wp-content\/uploads\/2017\/10\/Audi-Exkursion-Neckarsulm03-300x200.jpg\" alt=\"\" width=\"300\" height=\"200\" srcset=\"https:\/\/www.wg-west.de\/cms\/wp-content\/uploads\/2017\/10\/Audi-Exkursion-Neckarsulm03-300x200.jpg 300w, https:\/\/www.wg-west.de\/cms\/wp-content\/uploads\/2017\/10\/Audi-Exkursion-Neckarsulm03-768x512.jpg 768w, https:\/\/www.wg-west.de\/cms\/wp-content\/uploads\/2017\/10\/Audi-Exkursion-Neckarsulm03-1024x683.jpg 1024w\" sizes=\"auto, (max-width: 300px) 100vw, 300px\" \/><img loading=\"lazy\" decoding=\"async\" class=\"alignnone size-medium wp-image-785\" src=\"http:\/\/www.wg-west.de\/cms\/wp-content\/uploads\/2017\/10\/Audi-Exkursion-Neckarsulm04-300x200.jpg\" alt=\"\" width=\"300\" height=\"200\" srcset=\"https:\/\/www.wg-west.de\/cms\/wp-content\/uploads\/2017\/10\/Audi-Exkursion-Neckarsulm04-300x200.jpg 300w, https:\/\/www.wg-west.de\/cms\/wp-content\/uploads\/2017\/10\/Audi-Exkursion-Neckarsulm04-768x512.jpg 768w, https:\/\/www.wg-west.de\/cms\/wp-content\/uploads\/2017\/10\/Audi-Exkursion-Neckarsulm04-1024x683.jpg 1024w\" sizes=\"auto, (max-width: 300px) 100vw, 300px\" \/><img loading=\"lazy\" decoding=\"async\" class=\"alignnone size-medium wp-image-786\" src=\"http:\/\/www.wg-west.de\/cms\/wp-content\/uploads\/2017\/10\/Audi-Exkursion-Neckarsulm05-300x211.jpg\" alt=\"\" width=\"300\" height=\"211\" srcset=\"https:\/\/www.wg-west.de\/cms\/wp-content\/uploads\/2017\/10\/Audi-Exkursion-Neckarsulm05-300x211.jpg 300w, https:\/\/www.wg-west.de\/cms\/wp-content\/uploads\/2017\/10\/Audi-Exkursion-Neckarsulm05-768x539.jpg 768w, https:\/\/www.wg-west.de\/cms\/wp-content\/uploads\/2017\/10\/Audi-Exkursion-Neckarsulm05-1024x719.jpg 1024w\" sizes=\"auto, (max-width: 300px) 100vw, 300px\" \/><\/p>\n<p><!--more--><\/p>","protected":false},"excerpt":{"rendered":"<p>Am 28.09. besuchten 26 Sch\u00fclern des kaufm\u00e4nnischen Berufskollegs im Rahmen der Einf\u00fchrungstage das Audi-Werk.<\/p>","protected":false},"author":1,"featured_media":0,"comment_status":"closed","ping_status":"closed","sticky":false,"template":"","format":"standard","meta":{"footnotes":""},"categories":[61],"tags":[64,63,62,68,65],"class_list":{"0":"post-781","1":"post","2":"type-post","3":"status-publish","4":"format-standard","6":"category-bk2","7":"tag-audi","8":"tag-bk2","9":"tag-einfuehrungstage","10":"tag-impressionen","11":"tag-neckarsulm"},"_links":{"self":[{"href":"http:\/\/www.wg-west.de\/de_ls\/wp-json\/wp\/v2\/posts\/781","targetHints":{"allow":["GET"]}}],"collection":[{"href":"http:\/\/www.wg-west.de\/de_ls\/wp-json\/wp\/v2\/posts"}],"about":[{"href":"http:\/\/www.wg-west.de\/de_ls\/wp-json\/wp\/v2\/types\/post"}],"author":[{"embeddable":true,"href":"http:\/\/www.wg-west.de\/de_ls\/wp-json\/wp\/v2\/users\/1"}],"replies":[{"embeddable":true,"href":"http:\/\/www.wg-west.de\/de_ls\/wp-json\/wp\/v2\/comments?post=781"}],"version-history":[{"count":2,"href":"http:\/\/www.wg-west.de\/de_ls\/wp-json\/wp\/v2\/posts\/781\/revisions"}],"predecessor-version":[{"id":788,"href":"http:\/\/www.wg-west.de\/de_ls\/wp-json\/wp\/v2\/posts\/781\/revisions\/788"}],"wp:attachment":[{"href":"http:\/\/www.wg-west.de\/de_ls\/wp-json\/wp\/v2\/media?parent=781"}],"wp:term":[{"taxonomy":"category","embeddable":true,"href":"http:\/\/www.wg-west.de\/de_ls\/wp-json\/wp\/v2\/categories?post=781"},{"taxonomy":"post_tag","embeddable":true,"href":"http:\/\/www.wg-west.de\/de_ls\/wp-json\/wp\/v2\/tags?post=781"}],"curies":[{"name":"wp","href":"https:\/\/api.w.org\/{rel}","templated":true}]}}