{"id":2968,"date":"2023-07-07T14:45:22","date_gmt":"2023-07-07T12:45:22","guid":{"rendered":"https:\/\/www.wg-west.de\/?p=2968"},"modified":"2023-07-07T14:45:24","modified_gmt":"2023-07-07T12:45:24","slug":"abitur-2023-feierliche-zeugnisuebergabe","status":"publish","type":"post","link":"http:\/\/www.wg-west.de\/de_ls\/2023\/07\/07\/abitur-2023-feierliche-zeugnisuebergabe\/","title":{"rendered":"Abitur 2023 &#8211; Feierliche Zeugnis\u00fcbergabe"},"content":{"rendered":"<figure class=\"wp-block-gallery has-nested-images columns-default is-cropped wp-block-gallery-1 is-layout-flex wp-block-gallery-is-layout-flex\">\n<figure class=\"wp-block-image size-large\"><img loading=\"lazy\" decoding=\"async\" width=\"768\" height=\"1024\" data-id=\"2971\" src=\"https:\/\/www.wg-west.de\/cms\/wp-content\/uploads\/2023\/07\/IMG_2411-768x1024.jpg\" alt=\"\" class=\"wp-image-2971\" srcset=\"https:\/\/www.wg-west.de\/cms\/wp-content\/uploads\/2023\/07\/IMG_2411-768x1024.jpg 768w, https:\/\/www.wg-west.de\/cms\/wp-content\/uploads\/2023\/07\/IMG_2411-225x300.jpg 225w, https:\/\/www.wg-west.de\/cms\/wp-content\/uploads\/2023\/07\/IMG_2411-1152x1536.jpg 1152w, https:\/\/www.wg-west.de\/cms\/wp-content\/uploads\/2023\/07\/IMG_2411-1536x2048.jpg 1536w, https:\/\/www.wg-west.de\/cms\/wp-content\/uploads\/2023\/07\/IMG_2411-scaled.jpg 1920w\" sizes=\"auto, (max-width: 768px) 100vw, 768px\" \/><\/figure>\n\n\n\n<figure class=\"wp-block-image size-large\"><img loading=\"lazy\" decoding=\"async\" width=\"1024\" height=\"768\" data-id=\"2970\" src=\"https:\/\/www.wg-west.de\/cms\/wp-content\/uploads\/2023\/07\/IMG_2412-1024x768.jpg\" alt=\"\" class=\"wp-image-2970\" srcset=\"https:\/\/www.wg-west.de\/cms\/wp-content\/uploads\/2023\/07\/IMG_2412-1024x768.jpg 1024w, https:\/\/www.wg-west.de\/cms\/wp-content\/uploads\/2023\/07\/IMG_2412-300x225.jpg 300w, https:\/\/www.wg-west.de\/cms\/wp-content\/uploads\/2023\/07\/IMG_2412-768x576.jpg 768w, https:\/\/www.wg-west.de\/cms\/wp-content\/uploads\/2023\/07\/IMG_2412-1536x1152.jpg 1536w, https:\/\/www.wg-west.de\/cms\/wp-content\/uploads\/2023\/07\/IMG_2412-2048x1536.jpg 2048w\" sizes=\"auto, (max-width: 1024px) 100vw, 1024px\" \/><\/figure>\n\n\n\n<figure class=\"wp-block-image size-large\"><img loading=\"lazy\" decoding=\"async\" width=\"1024\" height=\"768\" data-id=\"2969\" src=\"https:\/\/www.wg-west.de\/cms\/wp-content\/uploads\/2023\/07\/IMG_2415-1024x768.jpg\" alt=\"\" class=\"wp-image-2969\" srcset=\"https:\/\/www.wg-west.de\/cms\/wp-content\/uploads\/2023\/07\/IMG_2415-1024x768.jpg 1024w, https:\/\/www.wg-west.de\/cms\/wp-content\/uploads\/2023\/07\/IMG_2415-300x225.jpg 300w, https:\/\/www.wg-west.de\/cms\/wp-content\/uploads\/2023\/07\/IMG_2415-768x576.jpg 768w, https:\/\/www.wg-west.de\/cms\/wp-content\/uploads\/2023\/07\/IMG_2415-1536x1152.jpg 1536w, https:\/\/www.wg-west.de\/cms\/wp-content\/uploads\/2023\/07\/IMG_2415-2048x1536.jpg 2048w\" sizes=\"auto, (max-width: 1024px) 100vw, 1024px\" \/><\/figure>\n<\/figure>\n\n\n\n<p>Am 07.07.2023 findet die feierliche Zeugnis\u00fcbergabe f\u00fcr den Abiturjahrgang 2023 um 17 Uhr im B\u00fcrgerzentrum West, Bebelstr. 22 &#8211; Stuttgart statt.<\/p>\n\n\n\n<p>Wir gratulieren allen Abiturienten und Abiturientinnen und freuen uns darauf diesen besonderen Moment zu feiern! <\/p>\n\n\n\n<p><\/p>","protected":false},"excerpt":{"rendered":"<p>Am 07.07.2023 findet die feierliche Zeugnis\u00fcbergabe f\u00fcr den Abiturjahrgang 2023 um 17 Uhr im B\u00fcrgerzentrum West, Bebelstr. 22 &#8211; Stuttgart statt. Wir gratulieren allen Abiturienten und Abiturientinnen und freuen uns&#8230;<\/p>","protected":false},"author":1,"featured_media":0,"comment_status":"closed","ping_status":"closed","sticky":false,"template":"","format":"standard","meta":{"footnotes":""},"categories":[1],"tags":[],"class_list":{"0":"post-2968","1":"post","2":"type-post","3":"status-publish","4":"format-standard","6":"category-allgemein"},"_links":{"self":[{"href":"http:\/\/www.wg-west.de\/de_ls\/wp-json\/wp\/v2\/posts\/2968","targetHints":{"allow":["GET"]}}],"collection":[{"href":"http:\/\/www.wg-west.de\/de_ls\/wp-json\/wp\/v2\/posts"}],"about":[{"href":"http:\/\/www.wg-west.de\/de_ls\/wp-json\/wp\/v2\/types\/post"}],"author":[{"embeddable":true,"href":"http:\/\/www.wg-west.de\/de_ls\/wp-json\/wp\/v2\/users\/1"}],"replies":[{"embeddable":true,"href":"http:\/\/www.wg-west.de\/de_ls\/wp-json\/wp\/v2\/comments?post=2968"}],"version-history":[{"count":1,"href":"http:\/\/www.wg-west.de\/de_ls\/wp-json\/wp\/v2\/posts\/2968\/revisions"}],"predecessor-version":[{"id":2972,"href":"http:\/\/www.wg-west.de\/de_ls\/wp-json\/wp\/v2\/posts\/2968\/revisions\/2972"}],"wp:attachment":[{"href":"http:\/\/www.wg-west.de\/de_ls\/wp-json\/wp\/v2\/media?parent=2968"}],"wp:term":[{"taxonomy":"category","embeddable":true,"href":"http:\/\/www.wg-west.de\/de_ls\/wp-json\/wp\/v2\/categories?post=2968"},{"taxonomy":"post_tag","embeddable":true,"href":"http:\/\/www.wg-west.de\/de_ls\/wp-json\/wp\/v2\/tags?post=2968"}],"curies":[{"name":"wp","href":"https:\/\/api.w.org\/{rel}","templated":true}]}}