{"id":2808,"date":"2023-05-11T16:14:44","date_gmt":"2023-05-11T14:14:44","guid":{"rendered":"https:\/\/www.wg-west.de\/?p=2808"},"modified":"2023-05-11T16:14:46","modified_gmt":"2023-05-11T14:14:46","slug":"information-fuer-montag-und-dienstag","status":"publish","type":"post","link":"http:\/\/www.wg-west.de\/de_ls\/2023\/05\/11\/information-fuer-montag-und-dienstag\/","title":{"rendered":"&#8211; Information f\u00fcr Montag und Dienstag &#8211;"},"content":{"rendered":"<p>Am kommenden Montag und Dienstag (15.05 und 16.05) wird es erneut einen Streik im \u00d6PNV geben, betroffen hiervon sind die S-Bahnen.&nbsp;<br>Die Pr\u00fcfungen in der Wirtschaftsschule und im Berufskolleg 2 finden trotzt Streik wie geplant statt.&nbsp;<\/p>\n\n\n\n<p>F\u00fcr alle Sch\u00fclerinnen und Sch\u00fcler, die keine Pr\u00fcfung haben, wird es stundenplanm\u00e4\u00dfigen Digitalunterricht geben.&nbsp;<\/p>","protected":false},"excerpt":{"rendered":"<p>Am kommenden Montag und Dienstag (15.05 und 16.05) wird es erneut einen Streik im \u00d6PNV geben, betroffen hiervon sind die S-Bahnen.&nbsp;Die Pr\u00fcfungen in der Wirtschaftsschule und im Berufskolleg 2 finden&#8230;<\/p>","protected":false},"author":1,"featured_media":0,"comment_status":"closed","ping_status":"closed","sticky":false,"template":"","format":"standard","meta":{"footnotes":""},"categories":[1],"tags":[],"class_list":{"0":"post-2808","1":"post","2":"type-post","3":"status-publish","4":"format-standard","6":"category-allgemein"},"_links":{"self":[{"href":"http:\/\/www.wg-west.de\/de_ls\/wp-json\/wp\/v2\/posts\/2808","targetHints":{"allow":["GET"]}}],"collection":[{"href":"http:\/\/www.wg-west.de\/de_ls\/wp-json\/wp\/v2\/posts"}],"about":[{"href":"http:\/\/www.wg-west.de\/de_ls\/wp-json\/wp\/v2\/types\/post"}],"author":[{"embeddable":true,"href":"http:\/\/www.wg-west.de\/de_ls\/wp-json\/wp\/v2\/users\/1"}],"replies":[{"embeddable":true,"href":"http:\/\/www.wg-west.de\/de_ls\/wp-json\/wp\/v2\/comments?post=2808"}],"version-history":[{"count":1,"href":"http:\/\/www.wg-west.de\/de_ls\/wp-json\/wp\/v2\/posts\/2808\/revisions"}],"predecessor-version":[{"id":2809,"href":"http:\/\/www.wg-west.de\/de_ls\/wp-json\/wp\/v2\/posts\/2808\/revisions\/2809"}],"wp:attachment":[{"href":"http:\/\/www.wg-west.de\/de_ls\/wp-json\/wp\/v2\/media?parent=2808"}],"wp:term":[{"taxonomy":"category","embeddable":true,"href":"http:\/\/www.wg-west.de\/de_ls\/wp-json\/wp\/v2\/categories?post=2808"},{"taxonomy":"post_tag","embeddable":true,"href":"http:\/\/www.wg-west.de\/de_ls\/wp-json\/wp\/v2\/tags?post=2808"}],"curies":[{"name":"wp","href":"https:\/\/api.w.org\/{rel}","templated":true}]}}