{"id":2804,"date":"2023-04-21T06:07:36","date_gmt":"2023-04-21T04:07:36","guid":{"rendered":"https:\/\/www.wg-west.de\/?p=2804"},"modified":"2023-04-21T06:07:38","modified_gmt":"2023-04-21T04:07:38","slug":"abitur-2023","status":"publish","type":"post","link":"http:\/\/www.wg-west.de\/de_ls\/2023\/04\/21\/abitur-2023\/","title":{"rendered":"Abitur 2023"},"content":{"rendered":"<p>Am Montag, den 24.04.2023 startet das diesj\u00e4hrige Abitur mit ihren Pr\u00fcfungen. Wir w\u00fcnschen allen Abiturientinnen und Abiturienten in den Pr\u00fcfungen viel Erfolg!<\/p>\n\n\n\n<p>Pr\u00fcfungstermine:<br>24.04. VBWL &#8211; Int. VBWL<br>26.04. Deutsch<br>28.04. Englisch<br>03.05. Mathematik<br>04.05. 2-\/4-st\u00fcndige F\u00e4cher<br>05.05. Franz\u00f6sisch<\/p>","protected":false},"excerpt":{"rendered":"<p>Am Montag, den 24.04.2023 startet das diesj\u00e4hrige Abitur mit ihren Pr\u00fcfungen. Wir w\u00fcnschen allen Abiturientinnen und Abiturienten in den Pr\u00fcfungen viel Erfolg! Pr\u00fcfungstermine:24.04. VBWL &#8211; Int. VBWL26.04. Deutsch28.04. Englisch03.05. Mathematik04.05&#8230;.<\/p>","protected":false},"author":1,"featured_media":0,"comment_status":"closed","ping_status":"closed","sticky":false,"template":"","format":"standard","meta":{"footnotes":""},"categories":[1],"tags":[138,317],"class_list":{"0":"post-2804","1":"post","2":"type-post","3":"status-publish","4":"format-standard","6":"category-allgemein","7":"tag-abitur","8":"tag-pruefungstermine"},"_links":{"self":[{"href":"http:\/\/www.wg-west.de\/de_ls\/wp-json\/wp\/v2\/posts\/2804","targetHints":{"allow":["GET"]}}],"collection":[{"href":"http:\/\/www.wg-west.de\/de_ls\/wp-json\/wp\/v2\/posts"}],"about":[{"href":"http:\/\/www.wg-west.de\/de_ls\/wp-json\/wp\/v2\/types\/post"}],"author":[{"embeddable":true,"href":"http:\/\/www.wg-west.de\/de_ls\/wp-json\/wp\/v2\/users\/1"}],"replies":[{"embeddable":true,"href":"http:\/\/www.wg-west.de\/de_ls\/wp-json\/wp\/v2\/comments?post=2804"}],"version-history":[{"count":1,"href":"http:\/\/www.wg-west.de\/de_ls\/wp-json\/wp\/v2\/posts\/2804\/revisions"}],"predecessor-version":[{"id":2805,"href":"http:\/\/www.wg-west.de\/de_ls\/wp-json\/wp\/v2\/posts\/2804\/revisions\/2805"}],"wp:attachment":[{"href":"http:\/\/www.wg-west.de\/de_ls\/wp-json\/wp\/v2\/media?parent=2804"}],"wp:term":[{"taxonomy":"category","embeddable":true,"href":"http:\/\/www.wg-west.de\/de_ls\/wp-json\/wp\/v2\/categories?post=2804"},{"taxonomy":"post_tag","embeddable":true,"href":"http:\/\/www.wg-west.de\/de_ls\/wp-json\/wp\/v2\/tags?post=2804"}],"curies":[{"name":"wp","href":"https:\/\/api.w.org\/{rel}","templated":true}]}}